{"id":4515,"date":"2022-05-06T16:11:21","date_gmt":"2022-05-06T14:11:21","guid":{"rendered":"https:\/\/apcal.lu\/?p=4515"},"modified":"2022-05-13T13:07:37","modified_gmt":"2022-05-13T11:07:37","slug":"les-femmes-de-lassurance-networking-walking-diner-2","status":"publish","type":"post","link":"https:\/\/apcal.lu\/fr\/les-femmes-de-lassurance-networking-walking-diner-2\/","title":{"rendered":"Les Femmes de l&rsquo;Assurance &#8211; Networking walking diner"},"content":{"rendered":"<p>[et_pb_section fb_built=\u00a0\u00bb1&Prime; _builder_version=\u00a0\u00bb4.16&Prime; _module_preset=\u00a0\u00bbdefault\u00a0\u00bb global_colors_info=\u00a0\u00bb{}\u00a0\u00bb][et_pb_row _builder_version=\u00a0\u00bb4.16&Prime; _module_preset=\u00a0\u00bbdefault\u00a0\u00bb global_colors_info=\u00a0\u00bb{}\u00a0\u00bb][et_pb_column type=\u00a0\u00bb4_4&Prime; _builder_version=\u00a0\u00bb4.16&Prime; _module_preset=\u00a0\u00bbdefault\u00a0\u00bb global_colors_info=\u00a0\u00bb{}\u00a0\u00bb][et_pb_text admin_label=\u00a0\u00bbH1&Prime; _builder_version=\u00a0\u00bb4.17.3&Prime; _module_preset=\u00a0\u00bbdefault\u00a0\u00bb header_text_color=\u00a0\u00bb#55547D\u00a0\u00bb header_line_height=\u00a0\u00bb1.2em\u00a0\u00bb global_colors_info=\u00a0\u00bb{}\u00a0\u00bb]<\/p>\n<h1>Les Femmes de l&rsquo;Assurance<\/h1>\n<p>[\/et_pb_text][et_pb_image src=\u00a0\u00bbhttps:\/\/apcal.lu\/wp-content\/uploads\/2022\/05\/Femmes-de-lassurance.png\u00a0\u00bb alt=\u00a0\u00bbJourn\u00e9e du courtage &#8211; Brokerage Day Apcal Luxembourg\u00a0\u00bb title_text=\u00a0\u00bbFemmes de l&rsquo;assurance\u00a0\u00bb _builder_version=\u00a0\u00bb4.17.3&Prime; _module_preset=\u00a0\u00bbdefault\u00a0\u00bb border_radii=\u00a0\u00bbon|5px|5px|5px|5px\u00a0\u00bb box_shadow_style=\u00a0\u00bbpreset3&Prime; global_colors_info=\u00a0\u00bb{}\u00a0\u00bb][\/et_pb_image][\/et_pb_column][\/et_pb_row][et_pb_row _builder_version=\u00a0\u00bb4.16&Prime; _module_preset=\u00a0\u00bbdefault\u00a0\u00bb min_height=\u00a0\u00bb899.7px\u00a0\u00bb custom_margin=\u00a0\u00bb||0px||false|false\u00a0\u00bb custom_padding=\u00a0\u00bb||0px||false|false\u00a0\u00bb global_colors_info=\u00a0\u00bb{}\u00a0\u00bb][et_pb_column type=\u00a0\u00bb4_4&Prime; _builder_version=\u00a0\u00bb4.16&Prime; _module_preset=\u00a0\u00bbdefault\u00a0\u00bb global_colors_info=\u00a0\u00bb{}\u00a0\u00bb][et_pb_text admin_label=\u00a0\u00bbH2&Prime; _builder_version=\u00a0\u00bb4.17.3&Prime; _module_preset=\u00a0\u00bbdefault\u00a0\u00bb header_font=\u00a0\u00bb||||||||\u00a0\u00bb header_2_font=\u00a0\u00bb|||on|||||\u00a0\u00bb header_2_text_color=\u00a0\u00bb#16247F\u00a0\u00bb header_2_line_height=\u00a0\u00bb1.2em\u00a0\u00bb header_3_text_color=\u00a0\u00bb#C2974C\u00a0\u00bb header_3_font_size=\u00a0\u00bb20px\u00a0\u00bb header_3_line_height=\u00a0\u00bb1.4em\u00a0\u00bb custom_margin=\u00a0\u00bb||20px||false|false\u00a0\u00bb border_color_bottom=\u00a0\u00bb#7886A2&Prime; global_colors_info=\u00a0\u00bb{}\u00a0\u00bb]<\/p>\n<h3>En partenariat avec la FFCEL,<br \/><strong>LE<\/strong> rendez-vous de networking pour les cheffes d&rsquo;entreprises, les dirigeantes de soci\u00e9t\u00e9 de courtage et les femmes de l&rsquo;assurance<\/h3>\n<p>[\/et_pb_text][et_pb_divider color=\u00a0\u00bbrgba(120,134,162,0.3)\u00a0\u00bb _builder_version=\u00a0\u00bb4.17.3&Prime; _module_preset=\u00a0\u00bbdefault\u00a0\u00bb width=\u00a0\u00bb30%\u00a0\u00bb module_alignment=\u00a0\u00bbcenter\u00a0\u00bb global_colors_info=\u00a0\u00bb{}\u00a0\u00bb][\/et_pb_divider][et_pb_text admin_label=\u00a0\u00bbIntroduction\u00a0\u00bb _builder_version=\u00a0\u00bb4.17.3&Prime; _module_preset=\u00a0\u00bbdefault\u00a0\u00bb header_2_font=\u00a0\u00bb||||||||\u00a0\u00bb header_2_text_color=\u00a0\u00bb#C2974C\u00a0\u00bb header_2_font_size=\u00a0\u00bb20px\u00a0\u00bb header_2_line_height=\u00a0\u00bb1.3em\u00a0\u00bb custom_margin=\u00a0\u00bb||41px|||\u00a0\u00bb global_colors_info=\u00a0\u00bb{}\u00a0\u00bb]<\/p>\n<h3>En collaboration avec la <a href=\"https:\/\/www.linkedin.com\/company\/ffcel\/\" target=\"_blank\" rel=\"noopener\">F\u00e9d\u00e9ration des Femmes Cheffes d&rsquo;Entreprises du Luxembourg (FFCEL)<\/a>, nous avons le plaisir de vous annoncer la mise en place d&rsquo;un\u00a0<strong>\u00e9v\u00e8nement networking 100% d\u00e9di\u00e9 aux femmes<\/strong>\u00a0autour d&rsquo;un walking diner.<\/h3>\n<p>Nous avons h\u00e2te de vous accueillir le 02 juin en pr\u00e9sentiel au <strong>House17\u00a0<\/strong>\u00e0 partir de 18h .<\/p>\n<p>Au programme, un \u00e9change entre Octavie Dexant, CEO <a href=\"https:\/\/www.axa.lu\/fr\" target=\"_blank\" rel=\"noopener\" data-cke-saved-href=\"https:\/\/www.axa.lu\/fr\">AXA Luxembourg<\/a> &amp; CEO <a href=\"https:\/\/www.axa-wealtheurope.lu\/fr\" target=\"_blank\" rel=\"noopener\" data-cke-saved-href=\"https:\/\/www.axa-wealtheurope.lu\/fr\">AXA Wealth Europe <\/a>et Aur\u00e9lia Felz, Avocate \u00e0 la Cour sp\u00e9cialis\u00e9e en droit des assurances au Luxembourg, sur un sujet hautement important:<\/p>\n<p><strong>Cheffes d\u2019entreprise de Luxembourg: quelles assurances essentielles pour diriger en toute s\u00e9r\u00e9nit\u00e9 ?<\/strong><\/p>\n<p>De la couverture des risques de dommages subis ou caus\u00e9s \u00e0 des tiers, aux garanties pour couvrir les pertes d&rsquo;exploitation et les risques informatiques ou de fraudes, les contrats d&rsquo;assurance, m\u00eame facultatifs, peuvent s&rsquo;av\u00e9rer indispensables.<\/p>\n<p>Octavie et Aur\u00e9lia nous pr\u00e9senteront les tenants et les aboutissants des diff\u00e9rentes assurances \u00e0 notre port\u00e9e pour g\u00e9rer notre entreprise en toute s\u00e9curit\u00e9.<\/p>\n<p>Au plaisir de vous voir tr\u00e8s bient\u00f4t ! &#x1f60a;<\/p>\n<p>[\/et_pb_text][et_pb_text admin_label=\u00a0\u00bbInformations pratiques\u00a0\u00bb _builder_version=\u00a0\u00bb4.17.3&Prime; _module_preset=\u00a0\u00bbdefault\u00a0\u00bb custom_margin=\u00a0\u00bb||10px||false|false\u00a0\u00bb global_colors_info=\u00a0\u00bb{}\u00a0\u00bb]<\/p>\n<h3>Informations pratiques<\/h3>\n<p>&nbsp;<\/p>\n<h3><strong>Les Femmes de l&rsquo;Assurance<\/strong><\/h3>\n<h3>Soir\u00e9e en pr\u00e9sentiel<br \/>50 places disponibles maximum<\/h3>\n<p>Jeudi 02 juin 2022<br \/><strong>Heure : <\/strong>18h00 \u2013 22h00<br \/>House17 \u2013 Luxembourg<br \/>\u2013<br \/><strong>Entr\u00e9e* :<\/strong> 90 \u20ac + frais d\u2019inscription<br \/><strong>70 \u20ac pour les Membres et Sponsors de l\u2019APCAL\u00a0<\/strong><br \/><em>*Inscription obligatoire avec le <strong>code promo FEMM2022<\/strong>*<br \/><\/em><strong>Une facture vous sera envoy\u00e9e\u00a0<\/strong><\/p>\n<p>[\/et_pb_text][et_pb_button button_url=\u00a0\u00bbhttps:\/\/www.eventbrite.fr\/e\/les-femmes-de-lassurance-networking-walking-diner-registration-290251739767&Prime; button_text=\u00a0\u00bbInscriptions\u00a0\u00bb admin_label=\u00a0\u00bbInscription\u00a0\u00bb _builder_version=\u00a0\u00bb4.17.3&Prime; _module_preset=\u00a0\u00bbdefault\u00a0\u00bb global_colors_info=\u00a0\u00bb{}\u00a0\u00bb][\/et_pb_button][et_pb_divider color=\u00a0\u00bbrgba(120,134,162,0.3)\u00a0\u00bb _builder_version=\u00a0\u00bb4.17.3&Prime; _module_preset=\u00a0\u00bbdefault\u00a0\u00bb width=\u00a0\u00bb30%\u00a0\u00bb module_alignment=\u00a0\u00bbcenter\u00a0\u00bb global_colors_info=\u00a0\u00bb{}\u00a0\u00bb][\/et_pb_divider][et_pb_text admin_label=\u00a0\u00bbProgramme\u00a0\u00bb _builder_version=\u00a0\u00bb4.17.3&Prime; _module_preset=\u00a0\u00bbdefault\u00a0\u00bb header_2_font=\u00a0\u00bb||||||||\u00a0\u00bb header_2_text_color=\u00a0\u00bb#C2974C\u00a0\u00bb header_2_font_size=\u00a0\u00bb20px\u00a0\u00bb header_2_line_height=\u00a0\u00bb1.3em\u00a0\u00bb global_colors_info=\u00a0\u00bb{}\u00a0\u00bb]<\/p>\n<h3>Programme<\/h3>\n<p><strong>18h00<\/strong> : Arriv\u00e9e \u2013 Accueil<br \/><strong>18h30<\/strong> : Entretien avec Oph\u00e9lie Dexant et Aur\u00e9lia Felz<br \/><strong>Cheffes d\u2019entreprise de Luxembourg: quelles assurances essentielles pour diriger en toute s\u00e9r\u00e9nit\u00e9 ?<\/strong><br \/><strong>19h45<\/strong> : Ap\u00e9ritif<br \/><strong>20h00<\/strong> : D\u00eener<\/p>\n<p>[\/et_pb_text][et_pb_divider color=\u00a0\u00bbrgba(120,134,162,0.3)\u00a0\u00bb _builder_version=\u00a0\u00bb4.17.3&Prime; _module_preset=\u00a0\u00bbdefault\u00a0\u00bb width=\u00a0\u00bb30%\u00a0\u00bb module_alignment=\u00a0\u00bbcenter\u00a0\u00bb global_colors_info=\u00a0\u00bb{}\u00a0\u00bb][\/et_pb_divider][et_pb_text admin_label=\u00a0\u00bbAu menu\u00a0\u00bb _builder_version=\u00a0\u00bb4.17.3&Prime; _module_preset=\u00a0\u00bbdefault\u00a0\u00bb header_2_font=\u00a0\u00bb||||||||\u00a0\u00bb header_2_text_color=\u00a0\u00bb#C2974C\u00a0\u00bb header_2_font_size=\u00a0\u00bb20px\u00a0\u00bb header_2_line_height=\u00a0\u00bb1.3em\u00a0\u00bb hover_enabled=\u00a0\u00bb0&Prime; global_colors_info=\u00a0\u00bb{}\u00a0\u00bb sticky_enabled=\u00a0\u00bb0&Prime;]<\/p>\n<h3>Au Menu<\/h3>\n<p>&#x1f357; <strong>Buffet:<\/strong> \u2013 Scampis frits, sauce curry \u2013 Tartelette sabl\u00e9 au fromage frais \u2013 Salade cocktail aux p\u00e2tes \u2013 Fallafel courgette menthe, sauce yaourt \u2013 Planche charcuterie (sans lactose et sans gluten) \u2013 Manchego marin\u00e9 aux olives \u2013 Salade de concombres et carottes (sans lactose et sans gluten) \u2013 Saumon fum\u00e9 au citron (Sans lactose et Sans gluten) \u2013 Nems au b\u0153uf \u2013 Salade de tomates cerises + (mozzarella) \u00e0 c\u00f4t\u00e9 pour les sans lactose<\/p>\n<p>&#x1f9c1; <strong>Dessert<\/strong> : Salade de Fruits \/ mignardises<\/p>\n<p>&#x1f942; <strong>Boissons<\/strong> : \u2013 1 verre de Cava \u2013 Vins 2 verres \/pers: Rouge , Blanc et Ros\u00e9 \u2013 Softs ,eaux, boissons chaudes<\/p>\n<p>[\/et_pb_text][et_pb_divider color=\u00a0\u00bbrgba(120,134,162,0.3)\u00a0\u00bb _builder_version=\u00a0\u00bb4.17.3&Prime; _module_preset=\u00a0\u00bbdefault\u00a0\u00bb width=\u00a0\u00bb30%\u00a0\u00bb module_alignment=\u00a0\u00bbcenter\u00a0\u00bb global_colors_info=\u00a0\u00bb{}\u00a0\u00bb][\/et_pb_divider][et_pb_text admin_label=\u00a0\u00bbOratrice\u00a0\u00bb _builder_version=\u00a0\u00bb4.17.3&Prime; _module_preset=\u00a0\u00bbdefault\u00a0\u00bb custom_margin=\u00a0\u00bb||10px||false|false\u00a0\u00bb global_colors_info=\u00a0\u00bb{}\u00a0\u00bb]<\/p>\n<h3><strong>Oratrices de la soir\u00e9e<\/strong><\/h3>\n<p>[\/et_pb_text][\/et_pb_column][\/et_pb_row][et_pb_row column_structure=\u00a0\u00bb1_2,1_2&Prime; _builder_version=\u00a0\u00bb4.17.3&Prime; _module_preset=\u00a0\u00bbdefault\u00a0\u00bb global_colors_info=\u00a0\u00bb{}\u00a0\u00bb][et_pb_column type=\u00a0\u00bb1_2&Prime; _builder_version=\u00a0\u00bb4.17.3&Prime; _module_preset=\u00a0\u00bbdefault\u00a0\u00bb global_colors_info=\u00a0\u00bb{}\u00a0\u00bb][et_pb_team_member name=\u00a0\u00bbOctavie Dexant\u00a0\u00bb position=\u00a0\u00bbCEO AXA Luxembourg &#038; CEO AXA Wealth Europe\u00a0\u00bb image_url=\u00a0\u00bbhttps:\/\/apcal.lu\/wp-content\/uploads\/2022\/05\/Octavie.jpg\u00a0\u00bb linkedin_url=\u00a0\u00bbhttps:\/\/www.linkedin.com\/in\/octavie-dexant-918152a1\/\u00a0\u00bb admin_label=\u00a0\u00bbOctavie\u00a0\u00bb _builder_version=\u00a0\u00bb4.17.3&Prime; _module_preset=\u00a0\u00bbdefault\u00a0\u00bb global_colors_info=\u00a0\u00bb{}\u00a0\u00bb]<\/p>\n<p>Dipl\u00f4m\u00e9e de Sciences-po Paris, cursus franco-allemand, Octavie aborde l\u2019assurance \u00e0 travers un angle financier en tant qu\u2019auditeur chez PWC pendant 3 ans avant d\u2019int\u00e9grer en 2010 la Direction de la Strat\u00e9gie du groupe AXA o\u00f9 elle a men\u00e9 des \u00e9tudes d\u2019opportunit\u00e9 vari\u00e9es pour la Direction G\u00e9n\u00e9rale.<\/p>\n<p>En 2014, elle rejoint Creditor, entit\u00e9 globale d\u2019AXA d\u00e9di\u00e9e \u00e0 l\u2019assurance emprunteur, en tant que Responsable de la Strat\u00e9gie. Elle y m\u00e8ne l\u2019acquisition de Genworth LPI, acteur majeur du march\u00e9, et est nomm\u00e9e Secr\u00e9taire G\u00e9n\u00e9ral du nouvel ensemble. En 2017, elle rejoint la Direction Commerciale d\u2019AXA Partners Holding o\u00f9 elle m\u00e8ne l\u2019appel d\u2019offre d\u2019ING pour un partenariat digital global. L\u2019appel d\u2019offre est remport\u00e9 en 2018 et elle est nomm\u00e9e Directeur G\u00e9n\u00e9ral Adjoint de cette JV virtuelle.<\/p>\n<p>Elle est mari\u00e9e et m\u00e8re de 3 enfants.<\/p>\n<p>[\/et_pb_team_member][\/et_pb_column][et_pb_column type=\u00a0\u00bb1_2&Prime; _builder_version=\u00a0\u00bb4.17.3&Prime; _module_preset=\u00a0\u00bbdefault\u00a0\u00bb global_colors_info=\u00a0\u00bb{}\u00a0\u00bb][et_pb_team_member name=\u00a0\u00bbAur\u00e9lia Felz\u00a0\u00bb position=\u00a0\u00bbPartner chez BEELEX\u00a0\u00bb image_url=\u00a0\u00bbhttps:\/\/apcal.lu\/wp-content\/uploads\/2022\/05\/aurelia-f.jpg\u00a0\u00bb linkedin_url=\u00a0\u00bbhttps:\/\/www.linkedin.com\/in\/aur%C3%A9lia-feltz-3195377\/#experience\u00a0\u00bb admin_label=\u00a0\u00bbAur\u00e9lia\u00a0\u00bb _builder_version=\u00a0\u00bb4.17.3&Prime; _module_preset=\u00a0\u00bbdefault\u00a0\u00bb global_colors_info=\u00a0\u00bb{}\u00a0\u00bb][\/et_pb_team_member][\/et_pb_column][\/et_pb_row][\/et_pb_section][et_pb_section fb_built=\u00a0\u00bb1&Prime; _builder_version=\u00a0\u00bb4.9.7&Prime; _module_preset=\u00a0\u00bbdefault\u00a0\u00bb global_module=\u00a0\u00bb448&Prime; saved_tabs=\u00a0\u00bball\u00a0\u00bb global_colors_info=\u00a0\u00bb{}\u00a0\u00bb][et_pb_row _builder_version=\u00a0\u00bb4.16&Prime; _module_preset=\u00a0\u00bbdefault\u00a0\u00bb module_alignment=\u00a0\u00bbcenter\u00a0\u00bb custom_margin=\u00a0\u00bb0px|0px|0px|0px|false|false\u00a0\u00bb custom_padding=\u00a0\u00bb0px|0px|0px|0px|false|false\u00a0\u00bb global_colors_info=\u00a0\u00bb{}\u00a0\u00bb][et_pb_column type=\u00a0\u00bb4_4&Prime; _builder_version=\u00a0\u00bb4.16&Prime; _module_preset=\u00a0\u00bbdefault\u00a0\u00bb global_colors_info=\u00a0\u00bb{}\u00a0\u00bb][et_pb_text admin_label=\u00a0\u00bbPlatinium\u00a0\u00bb _builder_version=\u00a0\u00bb4.16&Prime; _module_preset=\u00a0\u00bbdefault\u00a0\u00bb header_3_font=\u00a0\u00bb|600|||||||\u00a0\u00bb header_3_text_align=\u00a0\u00bbcenter\u00a0\u00bb custom_margin=\u00a0\u00bb0px|0px|0px|0px|false|false\u00a0\u00bb custom_padding=\u00a0\u00bb0px|0px|0px|0px|false|false\u00a0\u00bb global_colors_info=\u00a0\u00bb{}\u00a0\u00bb]<\/p>\n<h3>Sponsor Platinium<\/h3>\n<p>[\/et_pb_text][\/et_pb_column][\/et_pb_row][et_pb_row admin_label=\u00a0\u00bbPartenaires\u00a0\u00bb _builder_version=\u00a0\u00bb4.16&Prime; _module_preset=\u00a0\u00bbdefault\u00a0\u00bb module_alignment=\u00a0\u00bbcenter\u00a0\u00bb custom_margin=\u00a0\u00bb10px||70px||false|false\u00a0\u00bb custom_padding=\u00a0\u00bb40px|0px|0px|0px|false|false\u00a0\u00bb global_colors_info=\u00a0\u00bb{}\u00a0\u00bb][et_pb_column type=\u00a0\u00bb4_4&Prime; _builder_version=\u00a0\u00bb4.16&Prime; _module_preset=\u00a0\u00bbdefault\u00a0\u00bb global_colors_info=\u00a0\u00bb{}\u00a0\u00bb][et_pb_image src=\u00a0\u00bbhttps:\/\/apcal.lu\/wp-content\/uploads\/2021\/06\/sogelife.png\u00a0\u00bb alt=\u00a0\u00bbSogelife\u00a0\u00bb title_text=\u00a0\u00bbsogelife\u00a0\u00bb url=\u00a0\u00bbhttps:\/\/www.sogelife.com\/fr\/\u00a0\u00bb align=\u00a0\u00bbcenter\u00a0\u00bb admin_label=\u00a0\u00bbMondiale\u00a0\u00bb _builder_version=\u00a0\u00bb4.16&Prime; _module_preset=\u00a0\u00bbdefault\u00a0\u00bb border_radii=\u00a0\u00bbon|5px|5px|5px|5px\u00a0\u00bb box_shadow_style=\u00a0\u00bbpreset3&Prime; global_colors_info=\u00a0\u00bb{}\u00a0\u00bb][\/et_pb_image][\/et_pb_column][\/et_pb_row][et_pb_row _builder_version=\u00a0\u00bb4.16&Prime; _module_preset=\u00a0\u00bbdefault\u00a0\u00bb module_alignment=\u00a0\u00bbcenter\u00a0\u00bb custom_margin=\u00a0\u00bb0px|0px|0px|0px|false|false\u00a0\u00bb custom_padding=\u00a0\u00bb0px|0px|0px|0px|false|false\u00a0\u00bb global_colors_info=\u00a0\u00bb{}\u00a0\u00bb][et_pb_column type=\u00a0\u00bb4_4&Prime; _builder_version=\u00a0\u00bb4.16&Prime; _module_preset=\u00a0\u00bbdefault\u00a0\u00bb global_colors_info=\u00a0\u00bb{}\u00a0\u00bb][et_pb_text admin_label=\u00a0\u00bbGold\u00a0\u00bb _builder_version=\u00a0\u00bb4.16&Prime; _module_preset=\u00a0\u00bbdefault\u00a0\u00bb header_3_font=\u00a0\u00bb|600|||||||\u00a0\u00bb header_3_text_align=\u00a0\u00bbcenter\u00a0\u00bb custom_margin=\u00a0\u00bb0px|0px|0px|0px|false|false\u00a0\u00bb custom_padding=\u00a0\u00bb0px|0px|0px|0px|false|false\u00a0\u00bb global_colors_info=\u00a0\u00bb{}\u00a0\u00bb]<\/p>\n<h3>Sponsors Gold<\/h3>\n<p>[\/et_pb_text][\/et_pb_column][\/et_pb_row][et_pb_row column_structure=\u00a0\u00bb1_5,1_5,1_5,1_5,1_5&Prime; use_custom_gutter=\u00a0\u00bbon\u00a0\u00bb gutter_width=\u00a0\u00bb2&Prime; admin_label=\u00a0\u00bbPartenaires\u00a0\u00bb _builder_version=\u00a0\u00bb4.16&Prime; _module_preset=\u00a0\u00bbdefault\u00a0\u00bb custom_margin=\u00a0\u00bb10px||10px||false|false\u00a0\u00bb custom_padding=\u00a0\u00bb40px|0px|0px|0px|false|false\u00a0\u00bb global_colors_info=\u00a0\u00bb{}\u00a0\u00bb][et_pb_column type=\u00a0\u00bb1_5&Prime; _builder_version=\u00a0\u00bb4.16&Prime; _module_preset=\u00a0\u00bbdefault\u00a0\u00bb global_colors_info=\u00a0\u00bb{}\u00a0\u00bb][et_pb_image src=\u00a0\u00bbhttps:\/\/apcal.lu\/wp-content\/uploads\/2022\/05\/aig-europe-2022.png\u00a0\u00bb alt=\u00a0\u00bbLogo AIG\u00a0\u00bb title_text=\u00a0\u00bbaig-europe-2022&Prime; url=\u00a0\u00bbhttp:\/\/www.aig.lu\/\u00a0\u00bb align=\u00a0\u00bbcenter\u00a0\u00bb admin_label=\u00a0\u00bbAIG\u00a0\u00bb _builder_version=\u00a0\u00bb4.16&Prime; _module_preset=\u00a0\u00bbdefault\u00a0\u00bb border_radii=\u00a0\u00bbon|5px|5px|5px|5px\u00a0\u00bb box_shadow_style=\u00a0\u00bbpreset3&Prime; global_colors_info=\u00a0\u00bb{}\u00a0\u00bb][\/et_pb_image][\/et_pb_column][et_pb_column type=\u00a0\u00bb1_5&Prime; _builder_version=\u00a0\u00bb4.16&Prime; _module_preset=\u00a0\u00bbdefault\u00a0\u00bb global_colors_info=\u00a0\u00bb{}\u00a0\u00bb][et_pb_image src=\u00a0\u00bbhttps:\/\/apcal.lu\/wp-content\/uploads\/2021\/09\/allianz-Life-Luxembourg.png\u00a0\u00bb alt=\u00a0\u00bbAllianz\u00a0\u00bb title_text=\u00a0\u00bballianz-Life-Luxembourg\u00a0\u00bb url=\u00a0\u00bbhttp:\/\/www.allianz.lu\/\u00a0\u00bb align=\u00a0\u00bbcenter\u00a0\u00bb admin_label=\u00a0\u00bbAllianze\u00a0\u00bb _builder_version=\u00a0\u00bb4.16&Prime; _module_preset=\u00a0\u00bbdefault\u00a0\u00bb border_radii=\u00a0\u00bbon|5px|5px|5px|5px\u00a0\u00bb box_shadow_style=\u00a0\u00bbpreset3&Prime; global_colors_info=\u00a0\u00bb{}\u00a0\u00bb][\/et_pb_image][\/et_pb_column][et_pb_column type=\u00a0\u00bb1_5&Prime; _builder_version=\u00a0\u00bb4.16&Prime; _module_preset=\u00a0\u00bbdefault\u00a0\u00bb global_colors_info=\u00a0\u00bb{}\u00a0\u00bb][et_pb_image src=\u00a0\u00bbhttps:\/\/apcal.lu\/wp-content\/uploads\/2021\/09\/arendt-medernach.png\u00a0\u00bb alt=\u00a0\u00bbarendt\u00a0\u00bb title_text=\u00a0\u00bbarendt-medernach\u00a0\u00bb url=\u00a0\u00bbhttps:\/\/www.arendt.com\/\u00a0\u00bb align=\u00a0\u00bbcenter\u00a0\u00bb admin_label=\u00a0\u00bbArendt\u00a0\u00bb _builder_version=\u00a0\u00bb4.16&Prime; _module_preset=\u00a0\u00bbdefault\u00a0\u00bb border_radii=\u00a0\u00bbon|5px|5px|5px|5px\u00a0\u00bb box_shadow_style=\u00a0\u00bbpreset3&Prime; global_colors_info=\u00a0\u00bb{}\u00a0\u00bb][\/et_pb_image][\/et_pb_column][et_pb_column type=\u00a0\u00bb1_5&Prime; _builder_version=\u00a0\u00bb4.16&Prime; _module_preset=\u00a0\u00bbdefault\u00a0\u00bb global_colors_info=\u00a0\u00bb{}\u00a0\u00bb][et_pb_image src=\u00a0\u00bbhttps:\/\/apcal.lu\/wp-content\/uploads\/2021\/09\/axa-luxembourg.png\u00a0\u00bb alt=\u00a0\u00bbaxa\u00a0\u00bb title_text=\u00a0\u00bbaxa-luxembourg\u00a0\u00bb url=\u00a0\u00bbhttp:\/\/www.axa.lu\/\u00a0\u00bb align=\u00a0\u00bbcenter\u00a0\u00bb admin_label=\u00a0\u00bbAxa\u00a0\u00bb _builder_version=\u00a0\u00bb4.16&Prime; _module_preset=\u00a0\u00bbdefault\u00a0\u00bb border_radii=\u00a0\u00bbon|5px|5px|5px|5px\u00a0\u00bb box_shadow_style=\u00a0\u00bbpreset3&Prime; global_colors_info=\u00a0\u00bb{}\u00a0\u00bb][\/et_pb_image][\/et_pb_column][et_pb_column type=\u00a0\u00bb1_5&Prime; _builder_version=\u00a0\u00bb4.16&Prime; _module_preset=\u00a0\u00bbdefault\u00a0\u00bb global_colors_info=\u00a0\u00bb{}\u00a0\u00bb][et_pb_image src=\u00a0\u00bbhttps:\/\/apcal.lu\/wp-content\/uploads\/2021\/09\/baloise-assurances-luxembourg.png\u00a0\u00bb alt=\u00a0\u00bbBaloise assurance\u00a0\u00bb title_text=\u00a0\u00bbbaloise-assurances-luxembourg\u00a0\u00bb url=\u00a0\u00bbhttp:\/\/www.baloise.lu\/\u00a0\u00bb align=\u00a0\u00bbcenter\u00a0\u00bb admin_label=\u00a0\u00bbBaloise\u00a0\u00bb _builder_version=\u00a0\u00bb4.16&Prime; _module_preset=\u00a0\u00bbdefault\u00a0\u00bb module_alignment=\u00a0\u00bbcenter\u00a0\u00bb border_radii=\u00a0\u00bbon|5px|5px|5px|5px\u00a0\u00bb box_shadow_style=\u00a0\u00bbpreset3&Prime; global_colors_info=\u00a0\u00bb{}\u00a0\u00bb][\/et_pb_image][\/et_pb_column][\/et_pb_row][et_pb_row column_structure=\u00a0\u00bb1_5,1_5,1_5,1_5,1_5&Prime; use_custom_gutter=\u00a0\u00bbon\u00a0\u00bb gutter_width=\u00a0\u00bb2&Prime; admin_label=\u00a0\u00bbPartenaires\u00a0\u00bb _builder_version=\u00a0\u00bb4.16&Prime; _module_preset=\u00a0\u00bbdefault\u00a0\u00bb custom_margin=\u00a0\u00bb10px||60px||false|false\u00a0\u00bb custom_padding=\u00a0\u00bb30px|0px|0px|0px|false|false\u00a0\u00bb global_colors_info=\u00a0\u00bb{}\u00a0\u00bb][et_pb_column type=\u00a0\u00bb1_5&Prime; _builder_version=\u00a0\u00bb4.16&Prime; _module_preset=\u00a0\u00bbdefault\u00a0\u00bb global_colors_info=\u00a0\u00bb{}\u00a0\u00bb][et_pb_image src=\u00a0\u00bbhttps:\/\/apcal.lu\/wp-content\/uploads\/2021\/09\/cardif-lux-vie.png\u00a0\u00bb alt=\u00a0\u00bbcardif lux vie\u00a0\u00bb title_text=\u00a0\u00bbcardif-lux-vie\u00a0\u00bb url=\u00a0\u00bbhttps:\/\/cardifluxvie.com\/\u00a0\u00bb align=\u00a0\u00bbcenter\u00a0\u00bb admin_label=\u00a0\u00bbCardif\u00a0\u00bb _builder_version=\u00a0\u00bb4.16&Prime; _module_preset=\u00a0\u00bbdefault\u00a0\u00bb border_radii=\u00a0\u00bbon|5px|5px|5px|5px\u00a0\u00bb box_shadow_style=\u00a0\u00bbpreset3&Prime; global_colors_info=\u00a0\u00bb{}\u00a0\u00bb][\/et_pb_image][\/et_pb_column][et_pb_column type=\u00a0\u00bb1_5&Prime; _builder_version=\u00a0\u00bb4.16&Prime; _module_preset=\u00a0\u00bbdefault\u00a0\u00bb global_colors_info=\u00a0\u00bb{}\u00a0\u00bb][et_pb_image src=\u00a0\u00bbhttps:\/\/apcal.lu\/wp-content\/uploads\/2021\/09\/lalux-luxembourg.png\u00a0\u00bb alt=\u00a0\u00bbLalux\u00a0\u00bb title_text=\u00a0\u00bblalux-luxembourg\u00a0\u00bb url=\u00a0\u00bbhttps:\/\/www.lalux.lu\/fr\u00a0\u00bb align=\u00a0\u00bbcenter\u00a0\u00bb admin_label=\u00a0\u00bbLalux\u00a0\u00bb _builder_version=\u00a0\u00bb4.16&Prime; _module_preset=\u00a0\u00bbdefault\u00a0\u00bb border_radii=\u00a0\u00bbon|5px|5px|5px|5px\u00a0\u00bb box_shadow_style=\u00a0\u00bbpreset3&Prime; global_colors_info=\u00a0\u00bb{}\u00a0\u00bb][\/et_pb_image][\/et_pb_column][et_pb_column type=\u00a0\u00bb1_5&Prime; _builder_version=\u00a0\u00bb4.16&Prime; _module_preset=\u00a0\u00bbdefault\u00a0\u00bb global_colors_info=\u00a0\u00bb{}\u00a0\u00bb][et_pb_image src=\u00a0\u00bbhttps:\/\/apcal.lu\/wp-content\/uploads\/2022\/03\/liberty-assurance.png\u00a0\u00bb alt=\u00a0\u00bbLiberty Assurance\u00a0\u00bb title_text=\u00a0\u00bblombard-international-assurance\u00a0\u00bb url=\u00a0\u00bbhttps:\/\/www.lombardinternational.com\/\u00a0\u00bb align=\u00a0\u00bbcenter\u00a0\u00bb admin_label=\u00a0\u00bbliberty\u00a0\u00bb _builder_version=\u00a0\u00bb4.16&Prime; _module_preset=\u00a0\u00bbdefault\u00a0\u00bb border_radii=\u00a0\u00bbon|5px|5px|5px|5px\u00a0\u00bb box_shadow_style=\u00a0\u00bbpreset3&Prime; global_colors_info=\u00a0\u00bb{}\u00a0\u00bb][\/et_pb_image][\/et_pb_column][et_pb_column type=\u00a0\u00bb1_5&Prime; _builder_version=\u00a0\u00bb4.16&Prime; _module_preset=\u00a0\u00bbdefault\u00a0\u00bb global_colors_info=\u00a0\u00bb{}\u00a0\u00bb][et_pb_image src=\u00a0\u00bbhttps:\/\/apcal.lu\/wp-content\/uploads\/2021\/09\/lombard-international-assurance.png\u00a0\u00bb alt=\u00a0\u00bblombard international assurance\u00a0\u00bb title_text=\u00a0\u00bblombard-international-assurance\u00a0\u00bb url=\u00a0\u00bbhttps:\/\/www.lombardinternational.com\/\u00a0\u00bb align=\u00a0\u00bbcenter\u00a0\u00bb admin_label=\u00a0\u00bbLombard\u00a0\u00bb _builder_version=\u00a0\u00bb4.16&Prime; _module_preset=\u00a0\u00bbdefault\u00a0\u00bb border_radii=\u00a0\u00bbon|5px|5px|5px|5px\u00a0\u00bb box_shadow_style=\u00a0\u00bbpreset3&Prime; global_colors_info=\u00a0\u00bb{}\u00a0\u00bb][\/et_pb_image][\/et_pb_column][et_pb_column type=\u00a0\u00bb1_5&Prime; _builder_version=\u00a0\u00bb4.16&Prime; _module_preset=\u00a0\u00bbdefault\u00a0\u00bb global_colors_info=\u00a0\u00bb{}\u00a0\u00bb][\/et_pb_column][\/et_pb_row][et_pb_row _builder_version=\u00a0\u00bb4.16&Prime; _module_preset=\u00a0\u00bbdefault\u00a0\u00bb module_alignment=\u00a0\u00bbcenter\u00a0\u00bb global_colors_info=\u00a0\u00bb{}\u00a0\u00bb][et_pb_column type=\u00a0\u00bb4_4&Prime; _builder_version=\u00a0\u00bb4.16&Prime; _module_preset=\u00a0\u00bbdefault\u00a0\u00bb global_colors_info=\u00a0\u00bb{}\u00a0\u00bb][et_pb_text admin_label=\u00a0\u00bbSilver\u00a0\u00bb _builder_version=\u00a0\u00bb4.16&Prime; _module_preset=\u00a0\u00bbdefault\u00a0\u00bb header_3_text_align=\u00a0\u00bbcenter\u00a0\u00bb header_3_font_size=\u00a0\u00bb20px\u00a0\u00bb custom_margin=\u00a0\u00bb0px|0px|0px|0px|false|false\u00a0\u00bb custom_padding=\u00a0\u00bb0px|0px|0px|0px|false|false\u00a0\u00bb global_colors_info=\u00a0\u00bb{}\u00a0\u00bb]<\/p>\n<h3>Sponsors Silver<\/h3>\n<p>[\/et_pb_text][\/et_pb_column][\/et_pb_row][et_pb_row column_structure=\u00a0\u00bb1_5,1_5,1_5,1_5,1_5&Prime; use_custom_gutter=\u00a0\u00bbon\u00a0\u00bb gutter_width=\u00a0\u00bb2&Prime; admin_label=\u00a0\u00bbPartenaires\u00a0\u00bb _builder_version=\u00a0\u00bb4.16&Prime; _module_preset=\u00a0\u00bbdefault\u00a0\u00bb custom_margin=\u00a0\u00bb10px||10px||false|false\u00a0\u00bb custom_padding=\u00a0\u00bb30px|0px|0px|0px|false|false\u00a0\u00bb global_colors_info=\u00a0\u00bb{}\u00a0\u00bb][et_pb_column type=\u00a0\u00bb1_5&Prime; _builder_version=\u00a0\u00bb4.16&Prime; _module_preset=\u00a0\u00bbdefault\u00a0\u00bb global_colors_info=\u00a0\u00bb{}\u00a0\u00bb][et_pb_image src=\u00a0\u00bbhttps:\/\/apcal.lu\/wp-content\/uploads\/2021\/09\/Mondiale-europartner.png\u00a0\u00bb alt=\u00a0\u00bbMondiale europartner\u00a0\u00bb title_text=\u00a0\u00bbMondiale-europartner\u00a0\u00bb url=\u00a0\u00bbhttps:\/\/www.lamondiale.lu\u00a0\u00bb align=\u00a0\u00bbcenter\u00a0\u00bb admin_label=\u00a0\u00bbMondiale\u00a0\u00bb _builder_version=\u00a0\u00bb4.16&Prime; _module_preset=\u00a0\u00bbdefault\u00a0\u00bb width=\u00a0\u00bb70%\u00a0\u00bb module_alignment=\u00a0\u00bbcenter\u00a0\u00bb border_radii=\u00a0\u00bbon|5px|5px|5px|5px\u00a0\u00bb box_shadow_style=\u00a0\u00bbpreset3&Prime; global_colors_info=\u00a0\u00bb{}\u00a0\u00bb][\/et_pb_image][\/et_pb_column][et_pb_column type=\u00a0\u00bb1_5&Prime; _builder_version=\u00a0\u00bb4.16&Prime; _module_preset=\u00a0\u00bbdefault\u00a0\u00bb global_colors_info=\u00a0\u00bb{}\u00a0\u00bb][et_pb_image src=\u00a0\u00bbhttps:\/\/apcal.lu\/wp-content\/uploads\/2021\/09\/cnp-luxembourg.jpg\u00a0\u00bb alt=\u00a0\u00bbCNP Luxembourg\u00a0\u00bb title_text=\u00a0\u00bbcnp-luxembourg\u00a0\u00bb url=\u00a0\u00bbhttps:\/\/www.cnpluxembourg.lu\/\u00a0\u00bb align=\u00a0\u00bbcenter\u00a0\u00bb admin_label=\u00a0\u00bbCNP\u00a0\u00bb _builder_version=\u00a0\u00bb4.16&Prime; _module_preset=\u00a0\u00bbdefault\u00a0\u00bb width=\u00a0\u00bb70%\u00a0\u00bb module_alignment=\u00a0\u00bbcenter\u00a0\u00bb border_radii=\u00a0\u00bbon|5px|5px|5px|5px\u00a0\u00bb box_shadow_style=\u00a0\u00bbpreset3&Prime; global_colors_info=\u00a0\u00bb{}\u00a0\u00bb][\/et_pb_image][\/et_pb_column][et_pb_column type=\u00a0\u00bb1_5&Prime; _builder_version=\u00a0\u00bb4.16&Prime; _module_preset=\u00a0\u00bbdefault\u00a0\u00bb global_colors_info=\u00a0\u00bb{}\u00a0\u00bb][et_pb_image src=\u00a0\u00bbhttps:\/\/apcal.lu\/wp-content\/uploads\/2021\/09\/foyer.png\u00a0\u00bb alt=\u00a0\u00bbFoyer\u00a0\u00bb title_text=\u00a0\u00bbvitis-life\u00a0\u00bb url=\u00a0\u00bbhttps:\/\/www.foyer.lu\/\u00a0\u00bb align=\u00a0\u00bbcenter\u00a0\u00bb admin_label=\u00a0\u00bbFoyer\u00a0\u00bb _builder_version=\u00a0\u00bb4.16&Prime; _module_preset=\u00a0\u00bbdefault\u00a0\u00bb width=\u00a0\u00bb70%\u00a0\u00bb module_alignment=\u00a0\u00bbcenter\u00a0\u00bb border_radii=\u00a0\u00bbon|5px|5px|5px|5px\u00a0\u00bb box_shadow_style=\u00a0\u00bbpreset3&Prime; global_colors_info=\u00a0\u00bb{}\u00a0\u00bb][\/et_pb_image][\/et_pb_column][et_pb_column type=\u00a0\u00bb1_5&Prime; _builder_version=\u00a0\u00bb4.16&Prime; _module_preset=\u00a0\u00bbdefault\u00a0\u00bb global_colors_info=\u00a0\u00bb{}\u00a0\u00bb][et_pb_image src=\u00a0\u00bbhttps:\/\/apcal.lu\/wp-content\/uploads\/2021\/09\/pwc-luxembourg.png\u00a0\u00bb alt=\u00a0\u00bbpwc\u00a0\u00bb title_text=\u00a0\u00bbpwc-luxembourg\u00a0\u00bb url=\u00a0\u00bbhttps:\/\/www.pwc.lu\/\u00a0\u00bb align=\u00a0\u00bbcenter\u00a0\u00bb admin_label=\u00a0\u00bbPWC\u00a0\u00bb _builder_version=\u00a0\u00bb4.16&Prime; _module_preset=\u00a0\u00bbdefault\u00a0\u00bb width=\u00a0\u00bb70%\u00a0\u00bb module_alignment=\u00a0\u00bbcenter\u00a0\u00bb border_radii=\u00a0\u00bbon|5px|5px|5px|5px\u00a0\u00bb box_shadow_style=\u00a0\u00bbpreset3&Prime; global_colors_info=\u00a0\u00bb{}\u00a0\u00bb][\/et_pb_image][\/et_pb_column][et_pb_column type=\u00a0\u00bb1_5&Prime; _builder_version=\u00a0\u00bb4.16&Prime; _module_preset=\u00a0\u00bbdefault\u00a0\u00bb global_colors_info=\u00a0\u00bb{}\u00a0\u00bb][et_pb_image src=\u00a0\u00bbhttps:\/\/apcal.lu\/wp-content\/uploads\/2021\/09\/vitis-life.png\u00a0\u00bb alt=\u00a0\u00bbVitis Life\u00a0\u00bb title_text=\u00a0\u00bbvitis-life\u00a0\u00bb url=\u00a0\u00bbhttps:\/\/www.vitislife.com\/\u00a0\u00bb align=\u00a0\u00bbcenter\u00a0\u00bb admin_label=\u00a0\u00bbvitislife\u00a0\u00bb _builder_version=\u00a0\u00bb4.16&Prime; _module_preset=\u00a0\u00bbdefault\u00a0\u00bb width=\u00a0\u00bb70%\u00a0\u00bb module_alignment=\u00a0\u00bbcenter\u00a0\u00bb border_radii=\u00a0\u00bbon|5px|5px|5px|5px\u00a0\u00bb box_shadow_style=\u00a0\u00bbpreset3&Prime; global_colors_info=\u00a0\u00bb{}\u00a0\u00bb][\/et_pb_image][\/et_pb_column][\/et_pb_row][\/et_pb_section]<\/p>\n","protected":false},"excerpt":{"rendered":"<p>En partenariat avec la FFCEL, le rendez-vous de networking pour les courti\u00e8res et les femmes de l&rsquo;assurance<\/p>\n","protected":false},"author":4,"featured_media":4517,"comment_status":"closed","ping_status":"closed","sticky":false,"template":"","format":"standard","meta":{"_et_pb_use_builder":"on","_et_pb_old_content":"","_et_gb_content_width":"","footnotes":""},"categories":[25,30],"tags":[],"class_list":["post-4515","post","type-post","status-publish","format-standard","has-post-thumbnail","hentry","category-apcal","category-event"],"yoast_head":"<!-- This site is optimized with the Yoast SEO plugin v26.7 - https:\/\/yoast.com\/wordpress\/plugins\/seo\/ -->\n<title>Les Femmes de l&#039;Assurance - Networking walking diner - Apcal<\/title>\n<meta name=\"robots\" content=\"index, follow, max-snippet:-1, max-image-preview:large, max-video-preview:-1\" \/>\n<link rel=\"canonical\" href=\"https:\/\/apcal.lu\/fr\/les-femmes-de-lassurance-networking-walking-diner-2\/\" \/>\n<meta property=\"og:locale\" content=\"fr_FR\" \/>\n<meta property=\"og:type\" content=\"article\" \/>\n<meta property=\"og:title\" content=\"Les Femmes de l&#039;Assurance - Networking walking diner - Apcal\" \/>\n<meta property=\"og:description\" content=\"En partenariat avec la FFCEL, le rendez-vous de networking pour les courti\u00e8res et les femmes de l&#039;assurance\" \/>\n<meta property=\"og:url\" content=\"https:\/\/apcal.lu\/fr\/les-femmes-de-lassurance-networking-walking-diner-2\/\" \/>\n<meta property=\"og:site_name\" content=\"Apcal\" \/>\n<meta property=\"article:published_time\" content=\"2022-05-06T14:11:21+00:00\" \/>\n<meta property=\"article:modified_time\" content=\"2022-05-13T11:07:37+00:00\" \/>\n<meta property=\"og:image\" content=\"https:\/\/apcal.lu\/wp-content\/uploads\/2022\/05\/Femmes-de-lassurance.png\" \/>\n\t<meta property=\"og:image:width\" content=\"675\" \/>\n\t<meta property=\"og:image:height\" content=\"478\" \/>\n\t<meta property=\"og:image:type\" content=\"image\/png\" \/>\n<meta name=\"author\" content=\"Nathalie Schuh\" \/>\n<meta name=\"twitter:card\" content=\"summary_large_image\" \/>\n<meta name=\"twitter:label1\" content=\"\u00c9crit par\" \/>\n\t<meta name=\"twitter:data1\" content=\"Nathalie Schuh\" \/>\n\t<meta name=\"twitter:label2\" content=\"Dur\u00e9e de lecture estim\u00e9e\" \/>\n\t<meta name=\"twitter:data2\" content=\"6 minutes\" \/>\n<script type=\"application\/ld+json\" class=\"yoast-schema-graph\">{\"@context\":\"https:\/\/schema.org\",\"@graph\":[{\"@type\":\"Article\",\"@id\":\"https:\/\/apcal.lu\/fr\/les-femmes-de-lassurance-networking-walking-diner-2\/#article\",\"isPartOf\":{\"@id\":\"https:\/\/apcal.lu\/fr\/les-femmes-de-lassurance-networking-walking-diner-2\/\"},\"author\":{\"name\":\"Nathalie Schuh\",\"@id\":\"https:\/\/apcal.lu\/fr\/#\/schema\/person\/c6084e3d06cd0601c0d40849b6e736cd\"},\"headline\":\"Les Femmes de l&rsquo;Assurance &#8211; Networking walking diner\",\"datePublished\":\"2022-05-06T14:11:21+00:00\",\"dateModified\":\"2022-05-13T11:07:37+00:00\",\"mainEntityOfPage\":{\"@id\":\"https:\/\/apcal.lu\/fr\/les-femmes-de-lassurance-networking-walking-diner-2\/\"},\"wordCount\":2601,\"image\":{\"@id\":\"https:\/\/apcal.lu\/fr\/les-femmes-de-lassurance-networking-walking-diner-2\/#primaryimage\"},\"thumbnailUrl\":\"https:\/\/apcal.lu\/wp-content\/uploads\/2022\/05\/Femmes-de-lassurance.png\",\"articleSection\":[\"APCAL\",\"Event\"],\"inLanguage\":\"fr-FR\"},{\"@type\":\"WebPage\",\"@id\":\"https:\/\/apcal.lu\/fr\/les-femmes-de-lassurance-networking-walking-diner-2\/\",\"url\":\"https:\/\/apcal.lu\/fr\/les-femmes-de-lassurance-networking-walking-diner-2\/\",\"name\":\"Les Femmes de l'Assurance - Networking walking diner - Apcal\",\"isPartOf\":{\"@id\":\"https:\/\/apcal.lu\/fr\/#website\"},\"primaryImageOfPage\":{\"@id\":\"https:\/\/apcal.lu\/fr\/les-femmes-de-lassurance-networking-walking-diner-2\/#primaryimage\"},\"image\":{\"@id\":\"https:\/\/apcal.lu\/fr\/les-femmes-de-lassurance-networking-walking-diner-2\/#primaryimage\"},\"thumbnailUrl\":\"https:\/\/apcal.lu\/wp-content\/uploads\/2022\/05\/Femmes-de-lassurance.png\",\"datePublished\":\"2022-05-06T14:11:21+00:00\",\"dateModified\":\"2022-05-13T11:07:37+00:00\",\"author\":{\"@id\":\"https:\/\/apcal.lu\/fr\/#\/schema\/person\/c6084e3d06cd0601c0d40849b6e736cd\"},\"breadcrumb\":{\"@id\":\"https:\/\/apcal.lu\/fr\/les-femmes-de-lassurance-networking-walking-diner-2\/#breadcrumb\"},\"inLanguage\":\"fr-FR\",\"potentialAction\":[{\"@type\":\"ReadAction\",\"target\":[\"https:\/\/apcal.lu\/fr\/les-femmes-de-lassurance-networking-walking-diner-2\/\"]}]},{\"@type\":\"ImageObject\",\"inLanguage\":\"fr-FR\",\"@id\":\"https:\/\/apcal.lu\/fr\/les-femmes-de-lassurance-networking-walking-diner-2\/#primaryimage\",\"url\":\"https:\/\/apcal.lu\/wp-content\/uploads\/2022\/05\/Femmes-de-lassurance.png\",\"contentUrl\":\"https:\/\/apcal.lu\/wp-content\/uploads\/2022\/05\/Femmes-de-lassurance.png\",\"width\":675,\"height\":478},{\"@type\":\"BreadcrumbList\",\"@id\":\"https:\/\/apcal.lu\/fr\/les-femmes-de-lassurance-networking-walking-diner-2\/#breadcrumb\",\"itemListElement\":[{\"@type\":\"ListItem\",\"position\":1,\"name\":\"Accueil\",\"item\":\"https:\/\/apcal.lu\/fr\/\"},{\"@type\":\"ListItem\",\"position\":2,\"name\":\"Les Femmes de l&rsquo;Assurance &#8211; Networking walking diner\"}]},{\"@type\":\"WebSite\",\"@id\":\"https:\/\/apcal.lu\/fr\/#website\",\"url\":\"https:\/\/apcal.lu\/fr\/\",\"name\":\"Apcal\",\"description\":\"Association des courtiers en assurance du Luxembourg\",\"potentialAction\":[{\"@type\":\"SearchAction\",\"target\":{\"@type\":\"EntryPoint\",\"urlTemplate\":\"https:\/\/apcal.lu\/fr\/?s={search_term_string}\"},\"query-input\":{\"@type\":\"PropertyValueSpecification\",\"valueRequired\":true,\"valueName\":\"search_term_string\"}}],\"inLanguage\":\"fr-FR\"},{\"@type\":\"Person\",\"@id\":\"https:\/\/apcal.lu\/fr\/#\/schema\/person\/c6084e3d06cd0601c0d40849b6e736cd\",\"name\":\"Nathalie Schuh\",\"image\":{\"@type\":\"ImageObject\",\"inLanguage\":\"fr-FR\",\"@id\":\"https:\/\/apcal.lu\/fr\/#\/schema\/person\/image\/\",\"url\":\"https:\/\/secure.gravatar.com\/avatar\/c31bfc570b2dfabc9a3c15f6e572b7698826cd9f114a002fcbd913d0a34aa162?s=96&d=mm&r=g\",\"contentUrl\":\"https:\/\/secure.gravatar.com\/avatar\/c31bfc570b2dfabc9a3c15f6e572b7698826cd9f114a002fcbd913d0a34aa162?s=96&d=mm&r=g\",\"caption\":\"Nathalie Schuh\"},\"url\":\"https:\/\/apcal.lu\/fr\/author\/nathalie\/\"}]}<\/script>\n<!-- \/ Yoast SEO plugin. -->","yoast_head_json":{"title":"Les Femmes de l'Assurance - Networking walking diner - Apcal","robots":{"index":"index","follow":"follow","max-snippet":"max-snippet:-1","max-image-preview":"max-image-preview:large","max-video-preview":"max-video-preview:-1"},"canonical":"https:\/\/apcal.lu\/fr\/les-femmes-de-lassurance-networking-walking-diner-2\/","og_locale":"fr_FR","og_type":"article","og_title":"Les Femmes de l'Assurance - Networking walking diner - Apcal","og_description":"En partenariat avec la FFCEL, le rendez-vous de networking pour les courti\u00e8res et les femmes de l'assurance","og_url":"https:\/\/apcal.lu\/fr\/les-femmes-de-lassurance-networking-walking-diner-2\/","og_site_name":"Apcal","article_published_time":"2022-05-06T14:11:21+00:00","article_modified_time":"2022-05-13T11:07:37+00:00","og_image":[{"width":675,"height":478,"url":"https:\/\/apcal.lu\/wp-content\/uploads\/2022\/05\/Femmes-de-lassurance.png","type":"image\/png"}],"author":"Nathalie Schuh","twitter_card":"summary_large_image","twitter_misc":{"\u00c9crit par":"Nathalie Schuh","Dur\u00e9e de lecture estim\u00e9e":"6 minutes"},"schema":{"@context":"https:\/\/schema.org","@graph":[{"@type":"Article","@id":"https:\/\/apcal.lu\/fr\/les-femmes-de-lassurance-networking-walking-diner-2\/#article","isPartOf":{"@id":"https:\/\/apcal.lu\/fr\/les-femmes-de-lassurance-networking-walking-diner-2\/"},"author":{"name":"Nathalie Schuh","@id":"https:\/\/apcal.lu\/fr\/#\/schema\/person\/c6084e3d06cd0601c0d40849b6e736cd"},"headline":"Les Femmes de l&rsquo;Assurance &#8211; Networking walking diner","datePublished":"2022-05-06T14:11:21+00:00","dateModified":"2022-05-13T11:07:37+00:00","mainEntityOfPage":{"@id":"https:\/\/apcal.lu\/fr\/les-femmes-de-lassurance-networking-walking-diner-2\/"},"wordCount":2601,"image":{"@id":"https:\/\/apcal.lu\/fr\/les-femmes-de-lassurance-networking-walking-diner-2\/#primaryimage"},"thumbnailUrl":"https:\/\/apcal.lu\/wp-content\/uploads\/2022\/05\/Femmes-de-lassurance.png","articleSection":["APCAL","Event"],"inLanguage":"fr-FR"},{"@type":"WebPage","@id":"https:\/\/apcal.lu\/fr\/les-femmes-de-lassurance-networking-walking-diner-2\/","url":"https:\/\/apcal.lu\/fr\/les-femmes-de-lassurance-networking-walking-diner-2\/","name":"Les Femmes de l'Assurance - Networking walking diner - Apcal","isPartOf":{"@id":"https:\/\/apcal.lu\/fr\/#website"},"primaryImageOfPage":{"@id":"https:\/\/apcal.lu\/fr\/les-femmes-de-lassurance-networking-walking-diner-2\/#primaryimage"},"image":{"@id":"https:\/\/apcal.lu\/fr\/les-femmes-de-lassurance-networking-walking-diner-2\/#primaryimage"},"thumbnailUrl":"https:\/\/apcal.lu\/wp-content\/uploads\/2022\/05\/Femmes-de-lassurance.png","datePublished":"2022-05-06T14:11:21+00:00","dateModified":"2022-05-13T11:07:37+00:00","author":{"@id":"https:\/\/apcal.lu\/fr\/#\/schema\/person\/c6084e3d06cd0601c0d40849b6e736cd"},"breadcrumb":{"@id":"https:\/\/apcal.lu\/fr\/les-femmes-de-lassurance-networking-walking-diner-2\/#breadcrumb"},"inLanguage":"fr-FR","potentialAction":[{"@type":"ReadAction","target":["https:\/\/apcal.lu\/fr\/les-femmes-de-lassurance-networking-walking-diner-2\/"]}]},{"@type":"ImageObject","inLanguage":"fr-FR","@id":"https:\/\/apcal.lu\/fr\/les-femmes-de-lassurance-networking-walking-diner-2\/#primaryimage","url":"https:\/\/apcal.lu\/wp-content\/uploads\/2022\/05\/Femmes-de-lassurance.png","contentUrl":"https:\/\/apcal.lu\/wp-content\/uploads\/2022\/05\/Femmes-de-lassurance.png","width":675,"height":478},{"@type":"BreadcrumbList","@id":"https:\/\/apcal.lu\/fr\/les-femmes-de-lassurance-networking-walking-diner-2\/#breadcrumb","itemListElement":[{"@type":"ListItem","position":1,"name":"Accueil","item":"https:\/\/apcal.lu\/fr\/"},{"@type":"ListItem","position":2,"name":"Les Femmes de l&rsquo;Assurance &#8211; Networking walking diner"}]},{"@type":"WebSite","@id":"https:\/\/apcal.lu\/fr\/#website","url":"https:\/\/apcal.lu\/fr\/","name":"Apcal","description":"Association des courtiers en assurance du Luxembourg","potentialAction":[{"@type":"SearchAction","target":{"@type":"EntryPoint","urlTemplate":"https:\/\/apcal.lu\/fr\/?s={search_term_string}"},"query-input":{"@type":"PropertyValueSpecification","valueRequired":true,"valueName":"search_term_string"}}],"inLanguage":"fr-FR"},{"@type":"Person","@id":"https:\/\/apcal.lu\/fr\/#\/schema\/person\/c6084e3d06cd0601c0d40849b6e736cd","name":"Nathalie Schuh","image":{"@type":"ImageObject","inLanguage":"fr-FR","@id":"https:\/\/apcal.lu\/fr\/#\/schema\/person\/image\/","url":"https:\/\/secure.gravatar.com\/avatar\/c31bfc570b2dfabc9a3c15f6e572b7698826cd9f114a002fcbd913d0a34aa162?s=96&d=mm&r=g","contentUrl":"https:\/\/secure.gravatar.com\/avatar\/c31bfc570b2dfabc9a3c15f6e572b7698826cd9f114a002fcbd913d0a34aa162?s=96&d=mm&r=g","caption":"Nathalie Schuh"},"url":"https:\/\/apcal.lu\/fr\/author\/nathalie\/"}]}},"publishpress_future_action":{"enabled":false,"date":"2026-05-08 09:08:36","action":"change-status","newStatus":"trash","terms":[],"taxonomy":"category","extraData":[]},"publishpress_future_workflow_manual_trigger":{"enabledWorkflows":[]},"_links":{"self":[{"href":"https:\/\/apcal.lu\/fr\/wp-json\/wp\/v2\/posts\/4515","targetHints":{"allow":["GET"]}}],"collection":[{"href":"https:\/\/apcal.lu\/fr\/wp-json\/wp\/v2\/posts"}],"about":[{"href":"https:\/\/apcal.lu\/fr\/wp-json\/wp\/v2\/types\/post"}],"author":[{"embeddable":true,"href":"https:\/\/apcal.lu\/fr\/wp-json\/wp\/v2\/users\/4"}],"replies":[{"embeddable":true,"href":"https:\/\/apcal.lu\/fr\/wp-json\/wp\/v2\/comments?post=4515"}],"version-history":[{"count":23,"href":"https:\/\/apcal.lu\/fr\/wp-json\/wp\/v2\/posts\/4515\/revisions"}],"predecessor-version":[{"id":4576,"href":"https:\/\/apcal.lu\/fr\/wp-json\/wp\/v2\/posts\/4515\/revisions\/4576"}],"wp:featuredmedia":[{"embeddable":true,"href":"https:\/\/apcal.lu\/fr\/wp-json\/wp\/v2\/media\/4517"}],"wp:attachment":[{"href":"https:\/\/apcal.lu\/fr\/wp-json\/wp\/v2\/media?parent=4515"}],"wp:term":[{"taxonomy":"category","embeddable":true,"href":"https:\/\/apcal.lu\/fr\/wp-json\/wp\/v2\/categories?post=4515"},{"taxonomy":"post_tag","embeddable":true,"href":"https:\/\/apcal.lu\/fr\/wp-json\/wp\/v2\/tags?post=4515"}],"curies":[{"name":"wp","href":"https:\/\/api.w.org\/{rel}","templated":true}]}}