{"id":4375,"date":"2022-04-22T11:38:01","date_gmt":"2022-04-22T09:38:01","guid":{"rendered":"https:\/\/apcal.lu\/?p=4375"},"modified":"2022-05-12T11:57:52","modified_gmt":"2022-05-12T09:57:52","slug":"finance-durable-et-assurance-reglement-delegue-ue-2021-1257-de-la-commission-du-21-avril-2021","status":"publish","type":"post","link":"https:\/\/apcal.lu\/fr\/finance-durable-et-assurance-reglement-delegue-ue-2021-1257-de-la-commission-du-21-avril-2021\/","title":{"rendered":"Finance durable et assurance &#8211; R\u00e8glement d\u00e9l\u00e9gu\u00e9 UE 2021\/1257"},"content":{"rendered":"<p>[et_pb_section fb_built=\u00a0\u00bb1&Prime; _builder_version=\u00a0\u00bb4.16&Prime; _module_preset=\u00a0\u00bbdefault\u00a0\u00bb global_colors_info=\u00a0\u00bb{}\u00a0\u00bb][et_pb_row _builder_version=\u00a0\u00bb4.16&Prime; _module_preset=\u00a0\u00bbdefault\u00a0\u00bb global_colors_info=\u00a0\u00bb{}\u00a0\u00bb][et_pb_column type=\u00a0\u00bb4_4&Prime; _builder_version=\u00a0\u00bb4.16&Prime; _module_preset=\u00a0\u00bbdefault\u00a0\u00bb global_colors_info=\u00a0\u00bb{}\u00a0\u00bb][et_pb_text admin_label=\u00a0\u00bbH1 &#8211; titre du post\u00a0\u00bb _builder_version=\u00a0\u00bb4.17.3&Prime; _module_preset=\u00a0\u00bbdefault\u00a0\u00bb header_text_color=\u00a0\u00bb#55547D\u00a0\u00bb header_line_height=\u00a0\u00bb1.2em\u00a0\u00bb hover_enabled=\u00a0\u00bb0&Prime; global_colors_info=\u00a0\u00bb{}\u00a0\u00bb sticky_enabled=\u00a0\u00bb0&Prime;]<\/p>\n<h1><b>Finance durable et assurance<br \/>R\u00e8glement d\u00e9l\u00e9gu\u00e9 UE 2021\/1257 de la Commission du 21 avril 2021<\/b><\/h1>\n<p>&nbsp;<\/p>\n<p>&nbsp;<\/p>\n<p>[\/et_pb_text][et_pb_image src=\u00a0\u00bbhttps:\/\/apcal.lu\/wp-content\/uploads\/2022\/04\/responsabilite-entreprise-esg-plat-investir-dans-entreprise_88138-905.webp\u00a0\u00bb alt=\u00a0\u00bbLifepartners et la finance durable\u00a0\u00bb title_text=\u00a0\u00bbresponsabilite-entreprise-esg-plat-investir-dans-entreprise_88138-905&Prime; align=\u00a0\u00bbcenter\u00a0\u00bb _builder_version=\u00a0\u00bb4.16&Prime; _module_preset=\u00a0\u00bbdefault\u00a0\u00bb border_radii=\u00a0\u00bbon|5px|5px|5px|5px\u00a0\u00bb box_shadow_style=\u00a0\u00bbpreset3&Prime; global_colors_info=\u00a0\u00bb{}\u00a0\u00bb][\/et_pb_image][\/et_pb_column][\/et_pb_row][et_pb_row _builder_version=\u00a0\u00bb4.16&Prime; _module_preset=\u00a0\u00bbdefault\u00a0\u00bb min_height=\u00a0\u00bb899.7px\u00a0\u00bb custom_margin=\u00a0\u00bb||0px||false|false\u00a0\u00bb custom_padding=\u00a0\u00bb||0px||false|false\u00a0\u00bb global_colors_info=\u00a0\u00bb{}\u00a0\u00bb][et_pb_column type=\u00a0\u00bb4_4&Prime; _builder_version=\u00a0\u00bb4.16&Prime; _module_preset=\u00a0\u00bbdefault\u00a0\u00bb global_colors_info=\u00a0\u00bb{}\u00a0\u00bb][et_pb_text admin_label=\u00a0\u00bbContexte\u00a0\u00bb _builder_version=\u00a0\u00bb4.17.3&Prime; _module_preset=\u00a0\u00bbdefault\u00a0\u00bb text_line_height=\u00a0\u00bb1.8em\u00a0\u00bb header_font=\u00a0\u00bb||||||||\u00a0\u00bb header_2_font=\u00a0\u00bb|||on|||||\u00a0\u00bb header_2_text_color=\u00a0\u00bb#C2974C\u00a0\u00bb header_2_line_height=\u00a0\u00bb1.3em\u00a0\u00bb header_3_text_color=\u00a0\u00bb#C2974C\u00a0\u00bb header_3_font_size=\u00a0\u00bb20px\u00a0\u00bb header_3_line_height=\u00a0\u00bb1.4em\u00a0\u00bb custom_margin=\u00a0\u00bb||20px||false|false\u00a0\u00bb hover_enabled=\u00a0\u00bb0&Prime; border_color_bottom=\u00a0\u00bb#7886A2&Prime; global_colors_info=\u00a0\u00bb{}\u00a0\u00bb sticky_enabled=\u00a0\u00bb0&Prime;]<\/p>\n<h2>Contexte<\/h2>\n<p>[\/et_pb_text][et_pb_text ul_item_indent=\u00a0\u00bb40px\u00a0\u00bb _builder_version=\u00a0\u00bb4.17.3&Prime; _module_preset=\u00a0\u00bbdefault\u00a0\u00bb text_line_height=\u00a0\u00bb1.8em\u00a0\u00bb ul_font=\u00a0\u00bb||||||||\u00a0\u00bb quote_font=\u00a0\u00bb||on||||||\u00a0\u00bb quote_text_color=\u00a0\u00bb#55547D\u00a0\u00bb quote_font_size=\u00a0\u00bb16px\u00a0\u00bb header_font=\u00a0\u00bb||||||||\u00a0\u00bb header_2_font=\u00a0\u00bb|||on|||||\u00a0\u00bb header_2_line_height=\u00a0\u00bb2em\u00a0\u00bb header_3_text_color=\u00a0\u00bb#C2974C\u00a0\u00bb header_3_font_size=\u00a0\u00bb20px\u00a0\u00bb header_3_line_height=\u00a0\u00bb1.4em\u00a0\u00bb custom_margin=\u00a0\u00bb||40px||false|false\u00a0\u00bb hover_enabled=\u00a0\u00bb0&Prime; border_color_bottom=\u00a0\u00bb#7886A2&Prime; global_colors_info=\u00a0\u00bb{}\u00a0\u00bb sticky_enabled=\u00a0\u00bb0&Prime;]<\/p>\n<p>Les initiatives l\u00e9gislatives et r\u00e9glementaires europ\u00e9ennes \u2013 et dans certains cas nationales \u2013 se sont multipli\u00e9es ces derni\u00e8res ann\u00e9es en mati\u00e8re de finance durable.<\/p>\n<p>Il s\u2019agit, d\u2019une part, de nouveaux textes ayant vocation \u00e0 constituer un cadre r\u00e9glementaire en mati\u00e8re de finance durable et, d\u2019autre part, de textes modifiant la r\u00e9glementation existante afin d\u2019y int\u00e9grer les crit\u00e8res \u00ab ESG \u00bb, \u00e0 savoir, les crit\u00e8res environnementaux, sociaux et de gouvernance.<\/p>\n<p>Le <a href=\"https:\/\/eur-lex.europa.eu\/legal-content\/FR\/TXT\/?uri=CELEX:32021R1257\">R\u00e8glement d\u00e9l\u00e9gu\u00e9 UE 2021\/1257 de la Commission du 21 avril 2021<\/a> s\u2019inscrit dans ce second cadre.<\/p>\n<p>[\/et_pb_text][et_pb_image src=\u00a0\u00bbhttps:\/\/apcal.lu\/wp-content\/uploads\/2022\/04\/economie-verte-concept-abstrait-illustration-vectorielle-economie-mondiale-faible-emission-carbone-developpement-durable-education-verte-croissance-economique-mondiale-metaphore-abstraite-res.webp\u00a0\u00bb alt=\u00a0\u00bbLifepartners Graphique\u00a0\u00bb title_text=\u00a0\u00bbeconomie-verte-concept-abstrait-illustration-vectorielle-economie-mondiale-faible-emission-carbone-developpement-durable-education-verte-croissance-economique-mondiale-metaphore-abstraite-res\u00a0\u00bb align=\u00a0\u00bbcenter\u00a0\u00bb _builder_version=\u00a0\u00bb4.16&Prime; _module_preset=\u00a0\u00bbdefault\u00a0\u00bb border_radii=\u00a0\u00bbon|5px|5px|5px|5px\u00a0\u00bb box_shadow_style=\u00a0\u00bbpreset3&Prime; global_colors_info=\u00a0\u00bb{}\u00a0\u00bb][\/et_pb_image][et_pb_text admin_label=\u00a0\u00bbQuelles modifications ?\u00a0\u00bb _builder_version=\u00a0\u00bb4.17.3&Prime; _module_preset=\u00a0\u00bbdefault\u00a0\u00bb text_line_height=\u00a0\u00bb1.8em\u00a0\u00bb header_font=\u00a0\u00bb||||||||\u00a0\u00bb header_2_font=\u00a0\u00bb|||on|||||\u00a0\u00bb header_2_text_color=\u00a0\u00bb#C2974C\u00a0\u00bb header_2_line_height=\u00a0\u00bb1.3em\u00a0\u00bb header_3_text_color=\u00a0\u00bb#C2974C\u00a0\u00bb header_3_font_size=\u00a0\u00bb20px\u00a0\u00bb header_3_line_height=\u00a0\u00bb1.4em\u00a0\u00bb custom_margin=\u00a0\u00bb||20px||false|false\u00a0\u00bb hover_enabled=\u00a0\u00bb0&Prime; border_color_bottom=\u00a0\u00bb#7886A2&Prime; global_colors_info=\u00a0\u00bb{}\u00a0\u00bb sticky_enabled=\u00a0\u00bb0&Prime;]<\/p>\n<h2>Quelles modifications ?<\/h2>\n<p>[\/et_pb_text][et_pb_text ul_item_indent=\u00a0\u00bb40px\u00a0\u00bb _builder_version=\u00a0\u00bb4.17.3&Prime; _module_preset=\u00a0\u00bbdefault\u00a0\u00bb text_line_height=\u00a0\u00bb1.8em\u00a0\u00bb ul_font=\u00a0\u00bb||||||||\u00a0\u00bb quote_font=\u00a0\u00bb||on||||||\u00a0\u00bb quote_text_color=\u00a0\u00bb#55547D\u00a0\u00bb quote_font_size=\u00a0\u00bb16px\u00a0\u00bb header_font=\u00a0\u00bb||||||||\u00a0\u00bb header_2_font=\u00a0\u00bb|||on|||||\u00a0\u00bb header_2_line_height=\u00a0\u00bb2em\u00a0\u00bb header_3_text_color=\u00a0\u00bb#C2974C\u00a0\u00bb header_3_font_size=\u00a0\u00bb20px\u00a0\u00bb header_3_line_height=\u00a0\u00bb1.4em\u00a0\u00bb custom_margin=\u00a0\u00bb||40px||false|false\u00a0\u00bb hover_enabled=\u00a0\u00bb0&Prime; border_color_bottom=\u00a0\u00bb#7886A2&Prime; global_colors_info=\u00a0\u00bb{}\u00a0\u00bb sticky_enabled=\u00a0\u00bb0&Prime;]<\/p>\n<p>Il modifie les <a href=\"https:\/\/eur-lex.europa.eu\/legal-content\/FR\/TXT\/?uri=CELEX%3A32017R2358#:~:text=R%C3%A8glement%20d%C3%A9l%C3%A9gu%C3%A9%20(UE)%202017%2F,de%20produits%20d'assurance%20(Texte\">R\u00e8glements d\u00e9l\u00e9gu\u00e9s (UE) 2017\/2358<\/a> et <a href=\"https:\/\/eur-lex.europa.eu\/legal-content\/FR\/TXT\/?uri=CELEX%3A32017R2359\">(UE) 2017\/2359<\/a> compl\u00e9tant la <a href=\"https:\/\/eur-lex.europa.eu\/legal-content\/fr\/TXT\/?uri=CELEX%3A32016L0097\">Directive europ\u00e9enne relative \u00e0 la distribution d\u2019assurances<\/a>, \u00ab<em> en ce qui concerne<\/em><strong><em> l\u2019int\u00e9gration des facteurs de durabilit\u00e9, des risques en mati\u00e8re de durabilit\u00e9 et des pr\u00e9f\u00e9rences en mati\u00e8re de durabilit\u00e9 dans les exigences de surveillance et de gouvernance des produits applicables aux entreprises d\u2019assurance et aux distributeurs de produits d\u2019assurance, et dans les r\u00e8gles de conduite et les r\u00e8gles r\u00e9gissant le conseil en investissement applicables aux produits d\u2019investissement fond\u00e9s sur l\u2019assurance<\/em><\/strong> \u00bb.<\/p>\n<p>[\/et_pb_text][et_pb_text admin_label=\u00a0\u00bbQuel impact sur l&rsquo;activit\u00e9 des Concepteurs et des Distributeurs?\u00a0\u00bb _builder_version=\u00a0\u00bb4.17.3&Prime; _module_preset=\u00a0\u00bbdefault\u00a0\u00bb text_line_height=\u00a0\u00bb1.8em\u00a0\u00bb header_font=\u00a0\u00bb||||||||\u00a0\u00bb header_2_font=\u00a0\u00bb|||on|||||\u00a0\u00bb header_2_text_color=\u00a0\u00bb#C2974C\u00a0\u00bb header_2_line_height=\u00a0\u00bb1.3em\u00a0\u00bb header_3_text_color=\u00a0\u00bb#C2974C\u00a0\u00bb header_3_font_size=\u00a0\u00bb20px\u00a0\u00bb header_3_line_height=\u00a0\u00bb1.4em\u00a0\u00bb custom_margin=\u00a0\u00bb||20px||false|false\u00a0\u00bb border_color_bottom=\u00a0\u00bb#7886A2&Prime; global_colors_info=\u00a0\u00bb{}\u00a0\u00bb]<\/p>\n<div class=\"page\" title=\"Page 2\">\n<div class=\"layoutArea\">\n<div class=\"column\">\n<h2>Quel impact sur l&rsquo;activit\u00e9 des Concepteurs et des Distributeurs ?<\/h2>\n<\/div>\n<\/div>\n<\/div>\n<p>[\/et_pb_text][et_pb_text ul_item_indent=\u00a0\u00bb40px\u00a0\u00bb _builder_version=\u00a0\u00bb4.16&Prime; _module_preset=\u00a0\u00bbdefault\u00a0\u00bb text_line_height=\u00a0\u00bb1.8em\u00a0\u00bb ul_font=\u00a0\u00bb||||||||\u00a0\u00bb quote_font=\u00a0\u00bb||on||||||\u00a0\u00bb quote_text_color=\u00a0\u00bb#55547D\u00a0\u00bb quote_font_size=\u00a0\u00bb16px\u00a0\u00bb header_font=\u00a0\u00bb||||||||\u00a0\u00bb header_2_font=\u00a0\u00bb|||on|||||\u00a0\u00bb header_2_line_height=\u00a0\u00bb2em\u00a0\u00bb header_3_text_color=\u00a0\u00bb#C2974C\u00a0\u00bb header_3_font_size=\u00a0\u00bb20px\u00a0\u00bb header_3_line_height=\u00a0\u00bb1.4em\u00a0\u00bb custom_margin=\u00a0\u00bb||40px||false|false\u00a0\u00bb border_color_bottom=\u00a0\u00bb#7886A2&Prime; global_colors_info=\u00a0\u00bb{}\u00a0\u00bb]<\/p>\n<p>Voici de mani\u00e8re claire et visuelle 2 slides qui synth\u00e9tisent les modifications apport\u00e9es \u00e0 la r\u00e8glementation existante et qui d\u00e9crivent leurs impacts tant sur l&rsquo;activit\u00e9 des Concepteurs que sur celle des Distributeurs.<\/p>\n<p><strong>Les PDF sont accessibles en cliquant sur les images.<\/strong><\/p>\n<p>[\/et_pb_text][et_pb_image src=\u00a0\u00bbhttps:\/\/apcal.lu\/wp-content\/uploads\/2022\/04\/SFDR-Slide-1.png\u00a0\u00bb alt=\u00a0\u00bbLifepartners Graphique\u00a0\u00bb title_text=\u00a0\u00bbSFDR Slide 1&Prime; url=\u00a0\u00bbhttps:\/\/apcal.lu\/download\/sfdr-slide-1\/\u00a0\u00bb align=\u00a0\u00bbcenter\u00a0\u00bb _builder_version=\u00a0\u00bb4.16&Prime; _module_preset=\u00a0\u00bbdefault\u00a0\u00bb border_radii=\u00a0\u00bbon|5px|5px|5px|5px\u00a0\u00bb box_shadow_style=\u00a0\u00bbpreset3&Prime; global_colors_info=\u00a0\u00bb{}\u00a0\u00bb][\/et_pb_image][et_pb_image src=\u00a0\u00bbhttps:\/\/apcal.lu\/wp-content\/uploads\/2022\/04\/SFDR-Slide-2.png\u00a0\u00bb alt=\u00a0\u00bbLifepartners Graphique\u00a0\u00bb title_text=\u00a0\u00bbSFDR Slide 2&Prime; url=\u00a0\u00bbhttps:\/\/apcal.lu\/download\/sfdr-slide-2\/\u00a0\u00bb align=\u00a0\u00bbcenter\u00a0\u00bb _builder_version=\u00a0\u00bb4.16&Prime; _module_preset=\u00a0\u00bbdefault\u00a0\u00bb border_radii=\u00a0\u00bbon|5px|5px|5px|5px\u00a0\u00bb box_shadow_style=\u00a0\u00bbpreset3&Prime; global_colors_info=\u00a0\u00bb{}\u00a0\u00bb][\/et_pb_image][et_pb_text admin_label=\u00a0\u00bbConclusion\u00a0\u00bb _builder_version=\u00a0\u00bb4.17.3&Prime; _module_preset=\u00a0\u00bbdefault\u00a0\u00bb text_line_height=\u00a0\u00bb1.8em\u00a0\u00bb header_font=\u00a0\u00bb||||||||\u00a0\u00bb header_2_font=\u00a0\u00bb|||on|||||\u00a0\u00bb header_2_text_color=\u00a0\u00bb#C2974C\u00a0\u00bb header_2_line_height=\u00a0\u00bb1.3em\u00a0\u00bb header_3_text_color=\u00a0\u00bb#C2974C\u00a0\u00bb header_3_font_size=\u00a0\u00bb20px\u00a0\u00bb header_3_line_height=\u00a0\u00bb1.4em\u00a0\u00bb custom_margin=\u00a0\u00bb||20px||false|false\u00a0\u00bb hover_enabled=\u00a0\u00bb0&Prime; border_color_bottom=\u00a0\u00bb#7886A2&Prime; global_colors_info=\u00a0\u00bb{}\u00a0\u00bb sticky_enabled=\u00a0\u00bb0&Prime;]<\/p>\n<h2>Important<\/h2>\n<p>[\/et_pb_text][et_pb_text ul_item_indent=\u00a0\u00bb40px\u00a0\u00bb _builder_version=\u00a0\u00bb4.17.3&Prime; _module_preset=\u00a0\u00bbdefault\u00a0\u00bb text_line_height=\u00a0\u00bb1.8em\u00a0\u00bb ul_font=\u00a0\u00bb||||||||\u00a0\u00bb quote_font=\u00a0\u00bb||on||||||\u00a0\u00bb quote_text_color=\u00a0\u00bb#55547D\u00a0\u00bb quote_font_size=\u00a0\u00bb16px\u00a0\u00bb header_font=\u00a0\u00bb||||||||\u00a0\u00bb header_2_font=\u00a0\u00bb|||on|||||\u00a0\u00bb header_2_line_height=\u00a0\u00bb2em\u00a0\u00bb header_3_text_color=\u00a0\u00bb#C2974C\u00a0\u00bb header_3_font_size=\u00a0\u00bb20px\u00a0\u00bb header_3_line_height=\u00a0\u00bb1.4em\u00a0\u00bb custom_margin=\u00a0\u00bb||40px||false|false\u00a0\u00bb hover_enabled=\u00a0\u00bb0&Prime; border_color_bottom=\u00a0\u00bb#7886A2&Prime; global_colors_info=\u00a0\u00bb{}\u00a0\u00bb sticky_enabled=\u00a0\u00bb0&Prime;]<\/p>\n<p>Comme tout r\u00e8glement, le <a href=\"https:\/\/eur-lex.europa.eu\/legal-content\/FR\/TXT\/?uri=CELEX:32021R1257\">R\u00e8glement d\u00e9l\u00e9gu\u00e9 UE 2021\/1257<\/a> est d\u2019<strong>application imm\u00e9diate dans tous les \u00c9tats membres<\/strong> (sans qu\u2019une transposition soit n\u00e9cessaire) et entre en vigueur le<strong> 2 ao\u00fbt 2022<\/strong><\/p>\n<p>\u00c0 noter \u00e9galement que l\u2019EIOPA (l\u2019autorit\u00e9 europ\u00e9enne des assurances et des pensions professionnelles) a r\u00e9cemment ouvert une <a href=\"https:\/\/www.eiopa.europa.eu\/document-library\/consultation\/public-consultation-draft-guidelines-integrating-customer%E2%80%99s\">consultation publique sur le projet de lignes directrices concernant l&rsquo;int\u00e9gration des pr\u00e9f\u00e9rences du client en mati\u00e8re de durabilit\u00e9 dans l&rsquo;\u00e9valuation de l&rsquo;ad\u00e9quation telle que pr\u00e9vue par IDD. \u00a0\u00a0<\/a><\/p>\n<p>&nbsp;<\/p>\n<p>[\/et_pb_text][et_pb_text admin_label=\u00a0\u00bbNos expertes\u00a0\u00bb _builder_version=\u00a0\u00bb4.17.3&Prime; _module_preset=\u00a0\u00bbdefault\u00a0\u00bb text_line_height=\u00a0\u00bb1.8em\u00a0\u00bb header_font=\u00a0\u00bb||||||||\u00a0\u00bb header_2_font=\u00a0\u00bb|||on|||||\u00a0\u00bb header_2_text_color=\u00a0\u00bb#C2974C\u00a0\u00bb header_2_line_height=\u00a0\u00bb1.3em\u00a0\u00bb header_3_text_color=\u00a0\u00bb#C2974C\u00a0\u00bb header_3_font_size=\u00a0\u00bb20px\u00a0\u00bb header_3_line_height=\u00a0\u00bb1.4em\u00a0\u00bb custom_margin=\u00a0\u00bb||20px||false|false\u00a0\u00bb hover_enabled=\u00a0\u00bb0&Prime; border_color_bottom=\u00a0\u00bb#7886A2&Prime; global_colors_info=\u00a0\u00bb{}\u00a0\u00bb sticky_enabled=\u00a0\u00bb0&Prime;]<\/p>\n<h2>Nos expertes<\/h2>\n<p>[\/et_pb_text][\/et_pb_column][\/et_pb_row][et_pb_row column_structure=\u00a0\u00bb1_2,1_2&Prime; admin_label=\u00a0\u00bbID Entreprise\u00a0\u00bb _builder_version=\u00a0\u00bb4.16&Prime; _module_preset=\u00a0\u00bbdefault\u00a0\u00bb global_colors_info=\u00a0\u00bb{}\u00a0\u00bb][et_pb_column type=\u00a0\u00bb1_2&Prime; _builder_version=\u00a0\u00bb4.16&Prime; _module_preset=\u00a0\u00bbdefault\u00a0\u00bb global_colors_info=\u00a0\u00bb{}\u00a0\u00bb][et_pb_image src=\u00a0\u00bbhttps:\/\/apcal.lu\/wp-content\/uploads\/2022\/04\/PL-portrait-2-scaled.jpg\u00a0\u00bb alt=\u00a0\u00bbLifepartners\u00a0\u00bb title_text=\u00a0\u00bbPL-portrait (2)\u00a0\u00bb admin_label=\u00a0\u00bbImage\u00a0\u00bb _builder_version=\u00a0\u00bb4.16&Prime; _module_preset=\u00a0\u00bbdefault\u00a0\u00bb global_colors_info=\u00a0\u00bb{}\u00a0\u00bb][\/et_pb_image][et_pb_text ul_type=\u00a0\u00bbnone\u00a0\u00bb admin_label=\u00a0\u00bbPaula\u00a0\u00bb _builder_version=\u00a0\u00bb4.17.3&Prime; _module_preset=\u00a0\u00bbdefault\u00a0\u00bb hover_enabled=\u00a0\u00bb0&Prime; global_colors_info=\u00a0\u00bb{}\u00a0\u00bb sticky_enabled=\u00a0\u00bb0&Prime;]<\/p>\n<p><strong>Paula Leite<\/strong><\/p>\n<p>Paula est Managing Partner et consultante au sein de VINCEO SOLUTIONS S.A., une soci\u00e9t\u00e9 de conseil de droit luxembourgeois accompagnant principalement les professionnels du secteur des assurances (assureurs et interm\u00e9diaires d&rsquo;assurance), au travers d&rsquo;approches adapt\u00e9es, dans les domaines du consulting et de la formation.<\/p>\n<p>Avant de cr\u00e9er la soci\u00e9t\u00e9 VINCEO SOLUTIONS en mai 2020, elle a occup\u00e9 diff\u00e9rentes fonctions aupr\u00e8s de plusieurs assureurs de la place luxembourgeoise notamment dans le d\u00e9veloppement de produits, le business development, le Wealth Planning mais aussi dans le Marketing strat\u00e9gique et op\u00e9rationnel.<\/p>\n<p>Paula \u00e9volue dans le monde de l\u2019assurance vie luxembourgeoise depuis 1998. Forte de son exp\u00e9rience, elle intervient aujourd&rsquo;hui sur des th\u00e9matiques li\u00e9es au d\u00e9veloppement de produits et de march\u00e9s, au d\u00e9veloppement de l&rsquo;offre de produits et de services, \u00e0 la mise en conformit\u00e9 r\u00e9glementaire, au marketing &amp; communication ainsi qu&rsquo;\u00e0 l&rsquo;optimisation de processus op\u00e9rationnels.<\/p>\n<p>&nbsp;<\/p>\n<ul>\n<li>@ <a href=\"mailto:paula.leite@vinceosolutions.lu\">paula.leite@vinceosolutions.lu<\/a><\/li>\n<\/ul>\n<p>[\/et_pb_text][et_pb_social_media_follow admin_label=\u00a0\u00bbSuivez-nous sur les r\u00e9seaux sociaux\u00a0\u00bb _builder_version=\u00a0\u00bb4.16&Prime; _module_preset=\u00a0\u00bbdefault\u00a0\u00bb global_colors_info=\u00a0\u00bb{}\u00a0\u00bb][et_pb_social_media_follow_network social_network=\u00a0\u00bblinkedin\u00a0\u00bb url=\u00a0\u00bbhttps:\/\/www.linkedin.com\/in\/paula-leite-841389141\/\u00a0\u00bb _builder_version=\u00a0\u00bb4.16&Prime; _module_preset=\u00a0\u00bbdefault\u00a0\u00bb background_color=\u00a0\u00bb#007bb6&Prime; global_colors_info=\u00a0\u00bb{}\u00a0\u00bb follow_button=\u00a0\u00bboff\u00a0\u00bb url_new_window=\u00a0\u00bbon\u00a0\u00bb]linkedin[\/et_pb_social_media_follow_network][\/et_pb_social_media_follow][\/et_pb_column][et_pb_column type=\u00a0\u00bb1_2&Prime; _builder_version=\u00a0\u00bb4.16&Prime; _module_preset=\u00a0\u00bbdefault\u00a0\u00bb global_colors_info=\u00a0\u00bb{}\u00a0\u00bb][et_pb_image src=\u00a0\u00bbhttps:\/\/apcal.lu\/wp-content\/uploads\/2022\/04\/SB_Portrait-2.png\u00a0\u00bb alt=\u00a0\u00bbLifepartners\u00a0\u00bb title_text=\u00a0\u00bbSB_Portrait (2)\u00a0\u00bb _builder_version=\u00a0\u00bb4.16&Prime; _module_preset=\u00a0\u00bbdefault\u00a0\u00bb global_colors_info=\u00a0\u00bb{}\u00a0\u00bb][\/et_pb_image][et_pb_text ul_type=\u00a0\u00bbnone\u00a0\u00bb _builder_version=\u00a0\u00bb4.17.3&Prime; _module_preset=\u00a0\u00bbdefault\u00a0\u00bb hover_enabled=\u00a0\u00bb0&Prime; global_colors_info=\u00a0\u00bb{}\u00a0\u00bb sticky_enabled=\u00a0\u00bb0&Prime;]<\/p>\n<p><strong>Silvia Bracaloni<\/strong><\/p>\n<p>Silvia est une avocate inscrite aux barreaux luxembourgeois et italien.<\/p>\n<p>Avec plus de 10 ans d\u2019exp\u00e9rience dans l\u2019industrie luxembourgeoise de l\u2019assurance, Silvia sert des clients nationaux et internationaux sur un large \u00e9ventail de questions, y compris la r\u00e9glementation des assurances, la distribution d\u2019assurances, la conception de produits d\u2019assurance vie et non-vie, la r\u00e9daction des conventions entre professionnels du secteur et toute autre question transfrontali\u00e8re. Elle traite \u00e9galement les r\u00e9clamations et contentieux li\u00e9s au secteur de l\u2019assurance.<\/p>\n<p>Silvia est membre du LUXFLAG Sustainable Insurance Product Label Eligibility Committee (LSIPLEC) depuis 2021. Elle \u00e9tait auparavant \u00ab\u00a0rapporteur\u00a0\u00bb du groupe de travail italien de l\u2019Association des Compagnies d\u2019Assurance (ACA), o\u00f9 elle continue d\u2019\u00eatre membre de divers groupes de travail g\u00e9ographiques ainsi que de groupes de travail sur diverses questions r\u00e9glementaires (IDD, SFDR, Triangle de s\u00e9curit\u00e9, PRIIPS, etc.).<\/p>\n<p>&nbsp;<\/p>\n<ul>\n<li>@ <a href=\"mailto:silvia.bracaloni@wildgen.lu\">silvia.bracaloni@wildgen.lu<\/a><\/li>\n<\/ul>\n<p>[\/et_pb_text][et_pb_social_media_follow admin_label=\u00a0\u00bbSuivez-nous sur les r\u00e9seaux sociaux\u00a0\u00bb _builder_version=\u00a0\u00bb4.16&Prime; _module_preset=\u00a0\u00bbdefault\u00a0\u00bb global_colors_info=\u00a0\u00bb{}\u00a0\u00bb][et_pb_social_media_follow_network social_network=\u00a0\u00bblinkedin\u00a0\u00bb url=\u00a0\u00bbhttps:\/\/www.linkedin.com\/in\/silvia-bracaloni-0139955\/\u00a0\u00bb _builder_version=\u00a0\u00bb4.16&Prime; _module_preset=\u00a0\u00bbdefault\u00a0\u00bb background_color=\u00a0\u00bb#007bb6&Prime; global_colors_info=\u00a0\u00bb{}\u00a0\u00bb follow_button=\u00a0\u00bboff\u00a0\u00bb url_new_window=\u00a0\u00bbon\u00a0\u00bb]linkedin[\/et_pb_social_media_follow_network][\/et_pb_social_media_follow][\/et_pb_column][\/et_pb_row][\/et_pb_section][et_pb_section fb_built=\u00a0\u00bb1&Prime; _builder_version=\u00a0\u00bb4.9.7&Prime; _module_preset=\u00a0\u00bbdefault\u00a0\u00bb global_module=\u00a0\u00bb448&Prime; saved_tabs=\u00a0\u00bball\u00a0\u00bb global_colors_info=\u00a0\u00bb{}\u00a0\u00bb][et_pb_row _builder_version=\u00a0\u00bb4.16&Prime; _module_preset=\u00a0\u00bbdefault\u00a0\u00bb module_alignment=\u00a0\u00bbcenter\u00a0\u00bb custom_margin=\u00a0\u00bb0px|0px|0px|0px|false|false\u00a0\u00bb custom_padding=\u00a0\u00bb0px|0px|0px|0px|false|false\u00a0\u00bb global_colors_info=\u00a0\u00bb{}\u00a0\u00bb][et_pb_column type=\u00a0\u00bb4_4&Prime; _builder_version=\u00a0\u00bb4.16&Prime; _module_preset=\u00a0\u00bbdefault\u00a0\u00bb global_colors_info=\u00a0\u00bb{}\u00a0\u00bb][et_pb_text admin_label=\u00a0\u00bbPlatinium\u00a0\u00bb _builder_version=\u00a0\u00bb4.16&Prime; _module_preset=\u00a0\u00bbdefault\u00a0\u00bb header_3_font=\u00a0\u00bb|600|||||||\u00a0\u00bb header_3_text_align=\u00a0\u00bbcenter\u00a0\u00bb custom_margin=\u00a0\u00bb0px|0px|0px|0px|false|false\u00a0\u00bb custom_padding=\u00a0\u00bb0px|0px|0px|0px|false|false\u00a0\u00bb global_colors_info=\u00a0\u00bb{}\u00a0\u00bb]<\/p>\n<h3>Sponsor Platinium<\/h3>\n<p>[\/et_pb_text][\/et_pb_column][\/et_pb_row][et_pb_row admin_label=\u00a0\u00bbPartenaires\u00a0\u00bb _builder_version=\u00a0\u00bb4.16&Prime; _module_preset=\u00a0\u00bbdefault\u00a0\u00bb module_alignment=\u00a0\u00bbcenter\u00a0\u00bb custom_margin=\u00a0\u00bb10px||70px||false|false\u00a0\u00bb custom_padding=\u00a0\u00bb40px|0px|0px|0px|false|false\u00a0\u00bb global_colors_info=\u00a0\u00bb{}\u00a0\u00bb][et_pb_column type=\u00a0\u00bb4_4&Prime; _builder_version=\u00a0\u00bb4.16&Prime; _module_preset=\u00a0\u00bbdefault\u00a0\u00bb global_colors_info=\u00a0\u00bb{}\u00a0\u00bb][et_pb_image src=\u00a0\u00bbhttps:\/\/apcal.lu\/wp-content\/uploads\/2021\/06\/sogelife.png\u00a0\u00bb alt=\u00a0\u00bbSogelife\u00a0\u00bb title_text=\u00a0\u00bbsogelife\u00a0\u00bb url=\u00a0\u00bbhttps:\/\/www.sogelife.com\/fr\/\u00a0\u00bb align=\u00a0\u00bbcenter\u00a0\u00bb admin_label=\u00a0\u00bbMondiale\u00a0\u00bb _builder_version=\u00a0\u00bb4.16&Prime; _module_preset=\u00a0\u00bbdefault\u00a0\u00bb border_radii=\u00a0\u00bbon|5px|5px|5px|5px\u00a0\u00bb box_shadow_style=\u00a0\u00bbpreset3&Prime; global_colors_info=\u00a0\u00bb{}\u00a0\u00bb][\/et_pb_image][\/et_pb_column][\/et_pb_row][et_pb_row _builder_version=\u00a0\u00bb4.16&Prime; _module_preset=\u00a0\u00bbdefault\u00a0\u00bb module_alignment=\u00a0\u00bbcenter\u00a0\u00bb custom_margin=\u00a0\u00bb0px|0px|0px|0px|false|false\u00a0\u00bb custom_padding=\u00a0\u00bb0px|0px|0px|0px|false|false\u00a0\u00bb global_colors_info=\u00a0\u00bb{}\u00a0\u00bb][et_pb_column type=\u00a0\u00bb4_4&Prime; _builder_version=\u00a0\u00bb4.16&Prime; _module_preset=\u00a0\u00bbdefault\u00a0\u00bb global_colors_info=\u00a0\u00bb{}\u00a0\u00bb][et_pb_text admin_label=\u00a0\u00bbGold\u00a0\u00bb _builder_version=\u00a0\u00bb4.16&Prime; _module_preset=\u00a0\u00bbdefault\u00a0\u00bb header_3_font=\u00a0\u00bb|600|||||||\u00a0\u00bb header_3_text_align=\u00a0\u00bbcenter\u00a0\u00bb custom_margin=\u00a0\u00bb0px|0px|0px|0px|false|false\u00a0\u00bb custom_padding=\u00a0\u00bb0px|0px|0px|0px|false|false\u00a0\u00bb global_colors_info=\u00a0\u00bb{}\u00a0\u00bb]<\/p>\n<h3>Sponsors Gold<\/h3>\n<p>[\/et_pb_text][\/et_pb_column][\/et_pb_row][et_pb_row column_structure=\u00a0\u00bb1_5,1_5,1_5,1_5,1_5&Prime; use_custom_gutter=\u00a0\u00bbon\u00a0\u00bb gutter_width=\u00a0\u00bb2&Prime; admin_label=\u00a0\u00bbPartenaires\u00a0\u00bb _builder_version=\u00a0\u00bb4.16&Prime; _module_preset=\u00a0\u00bbdefault\u00a0\u00bb custom_margin=\u00a0\u00bb10px||10px||false|false\u00a0\u00bb custom_padding=\u00a0\u00bb40px|0px|0px|0px|false|false\u00a0\u00bb global_colors_info=\u00a0\u00bb{}\u00a0\u00bb][et_pb_column type=\u00a0\u00bb1_5&Prime; _builder_version=\u00a0\u00bb4.16&Prime; _module_preset=\u00a0\u00bbdefault\u00a0\u00bb global_colors_info=\u00a0\u00bb{}\u00a0\u00bb][et_pb_image src=\u00a0\u00bbhttps:\/\/apcal.lu\/wp-content\/uploads\/2022\/05\/aig-europe-2022.png\u00a0\u00bb alt=\u00a0\u00bbLogo AIG\u00a0\u00bb title_text=\u00a0\u00bbaig-europe-2022&Prime; url=\u00a0\u00bbhttp:\/\/www.aig.lu\/\u00a0\u00bb align=\u00a0\u00bbcenter\u00a0\u00bb admin_label=\u00a0\u00bbAIG\u00a0\u00bb _builder_version=\u00a0\u00bb4.16&Prime; _module_preset=\u00a0\u00bbdefault\u00a0\u00bb border_radii=\u00a0\u00bbon|5px|5px|5px|5px\u00a0\u00bb box_shadow_style=\u00a0\u00bbpreset3&Prime; global_colors_info=\u00a0\u00bb{}\u00a0\u00bb][\/et_pb_image][\/et_pb_column][et_pb_column type=\u00a0\u00bb1_5&Prime; _builder_version=\u00a0\u00bb4.16&Prime; _module_preset=\u00a0\u00bbdefault\u00a0\u00bb global_colors_info=\u00a0\u00bb{}\u00a0\u00bb][et_pb_image src=\u00a0\u00bbhttps:\/\/apcal.lu\/wp-content\/uploads\/2021\/09\/allianz-Life-Luxembourg.png\u00a0\u00bb alt=\u00a0\u00bbAllianz\u00a0\u00bb title_text=\u00a0\u00bballianz-Life-Luxembourg\u00a0\u00bb url=\u00a0\u00bbhttp:\/\/www.allianz.lu\/\u00a0\u00bb align=\u00a0\u00bbcenter\u00a0\u00bb admin_label=\u00a0\u00bbAllianze\u00a0\u00bb _builder_version=\u00a0\u00bb4.16&Prime; _module_preset=\u00a0\u00bbdefault\u00a0\u00bb border_radii=\u00a0\u00bbon|5px|5px|5px|5px\u00a0\u00bb box_shadow_style=\u00a0\u00bbpreset3&Prime; global_colors_info=\u00a0\u00bb{}\u00a0\u00bb][\/et_pb_image][\/et_pb_column][et_pb_column type=\u00a0\u00bb1_5&Prime; _builder_version=\u00a0\u00bb4.16&Prime; _module_preset=\u00a0\u00bbdefault\u00a0\u00bb global_colors_info=\u00a0\u00bb{}\u00a0\u00bb][et_pb_image src=\u00a0\u00bbhttps:\/\/apcal.lu\/wp-content\/uploads\/2021\/09\/arendt-medernach.png\u00a0\u00bb alt=\u00a0\u00bbarendt\u00a0\u00bb title_text=\u00a0\u00bbarendt-medernach\u00a0\u00bb url=\u00a0\u00bbhttps:\/\/www.arendt.com\/\u00a0\u00bb align=\u00a0\u00bbcenter\u00a0\u00bb admin_label=\u00a0\u00bbArendt\u00a0\u00bb _builder_version=\u00a0\u00bb4.16&Prime; _module_preset=\u00a0\u00bbdefault\u00a0\u00bb border_radii=\u00a0\u00bbon|5px|5px|5px|5px\u00a0\u00bb box_shadow_style=\u00a0\u00bbpreset3&Prime; global_colors_info=\u00a0\u00bb{}\u00a0\u00bb][\/et_pb_image][\/et_pb_column][et_pb_column type=\u00a0\u00bb1_5&Prime; _builder_version=\u00a0\u00bb4.16&Prime; _module_preset=\u00a0\u00bbdefault\u00a0\u00bb global_colors_info=\u00a0\u00bb{}\u00a0\u00bb][et_pb_image src=\u00a0\u00bbhttps:\/\/apcal.lu\/wp-content\/uploads\/2021\/09\/axa-luxembourg.png\u00a0\u00bb alt=\u00a0\u00bbaxa\u00a0\u00bb title_text=\u00a0\u00bbaxa-luxembourg\u00a0\u00bb url=\u00a0\u00bbhttp:\/\/www.axa.lu\/\u00a0\u00bb align=\u00a0\u00bbcenter\u00a0\u00bb admin_label=\u00a0\u00bbAxa\u00a0\u00bb _builder_version=\u00a0\u00bb4.16&Prime; _module_preset=\u00a0\u00bbdefault\u00a0\u00bb border_radii=\u00a0\u00bbon|5px|5px|5px|5px\u00a0\u00bb box_shadow_style=\u00a0\u00bbpreset3&Prime; global_colors_info=\u00a0\u00bb{}\u00a0\u00bb][\/et_pb_image][\/et_pb_column][et_pb_column type=\u00a0\u00bb1_5&Prime; _builder_version=\u00a0\u00bb4.16&Prime; _module_preset=\u00a0\u00bbdefault\u00a0\u00bb global_colors_info=\u00a0\u00bb{}\u00a0\u00bb][et_pb_image src=\u00a0\u00bbhttps:\/\/apcal.lu\/wp-content\/uploads\/2021\/09\/baloise-assurances-luxembourg.png\u00a0\u00bb alt=\u00a0\u00bbBaloise assurance\u00a0\u00bb title_text=\u00a0\u00bbbaloise-assurances-luxembourg\u00a0\u00bb url=\u00a0\u00bbhttp:\/\/www.baloise.lu\/\u00a0\u00bb align=\u00a0\u00bbcenter\u00a0\u00bb admin_label=\u00a0\u00bbBaloise\u00a0\u00bb _builder_version=\u00a0\u00bb4.16&Prime; _module_preset=\u00a0\u00bbdefault\u00a0\u00bb module_alignment=\u00a0\u00bbcenter\u00a0\u00bb border_radii=\u00a0\u00bbon|5px|5px|5px|5px\u00a0\u00bb box_shadow_style=\u00a0\u00bbpreset3&Prime; global_colors_info=\u00a0\u00bb{}\u00a0\u00bb][\/et_pb_image][\/et_pb_column][\/et_pb_row][et_pb_row column_structure=\u00a0\u00bb1_5,1_5,1_5,1_5,1_5&Prime; use_custom_gutter=\u00a0\u00bbon\u00a0\u00bb gutter_width=\u00a0\u00bb2&Prime; admin_label=\u00a0\u00bbPartenaires\u00a0\u00bb _builder_version=\u00a0\u00bb4.16&Prime; _module_preset=\u00a0\u00bbdefault\u00a0\u00bb custom_margin=\u00a0\u00bb10px||60px||false|false\u00a0\u00bb custom_padding=\u00a0\u00bb30px|0px|0px|0px|false|false\u00a0\u00bb global_colors_info=\u00a0\u00bb{}\u00a0\u00bb][et_pb_column type=\u00a0\u00bb1_5&Prime; _builder_version=\u00a0\u00bb4.16&Prime; _module_preset=\u00a0\u00bbdefault\u00a0\u00bb global_colors_info=\u00a0\u00bb{}\u00a0\u00bb][et_pb_image src=\u00a0\u00bbhttps:\/\/apcal.lu\/wp-content\/uploads\/2021\/09\/cardif-lux-vie.png\u00a0\u00bb alt=\u00a0\u00bbcardif lux vie\u00a0\u00bb title_text=\u00a0\u00bbcardif-lux-vie\u00a0\u00bb url=\u00a0\u00bbhttps:\/\/cardifluxvie.com\/\u00a0\u00bb align=\u00a0\u00bbcenter\u00a0\u00bb admin_label=\u00a0\u00bbCardif\u00a0\u00bb _builder_version=\u00a0\u00bb4.16&Prime; _module_preset=\u00a0\u00bbdefault\u00a0\u00bb border_radii=\u00a0\u00bbon|5px|5px|5px|5px\u00a0\u00bb box_shadow_style=\u00a0\u00bbpreset3&Prime; global_colors_info=\u00a0\u00bb{}\u00a0\u00bb][\/et_pb_image][\/et_pb_column][et_pb_column type=\u00a0\u00bb1_5&Prime; _builder_version=\u00a0\u00bb4.16&Prime; _module_preset=\u00a0\u00bbdefault\u00a0\u00bb global_colors_info=\u00a0\u00bb{}\u00a0\u00bb][et_pb_image src=\u00a0\u00bbhttps:\/\/apcal.lu\/wp-content\/uploads\/2021\/09\/lalux-luxembourg.png\u00a0\u00bb alt=\u00a0\u00bbLalux\u00a0\u00bb title_text=\u00a0\u00bblalux-luxembourg\u00a0\u00bb url=\u00a0\u00bbhttps:\/\/www.lalux.lu\/fr\u00a0\u00bb align=\u00a0\u00bbcenter\u00a0\u00bb admin_label=\u00a0\u00bbLalux\u00a0\u00bb _builder_version=\u00a0\u00bb4.16&Prime; _module_preset=\u00a0\u00bbdefault\u00a0\u00bb border_radii=\u00a0\u00bbon|5px|5px|5px|5px\u00a0\u00bb box_shadow_style=\u00a0\u00bbpreset3&Prime; global_colors_info=\u00a0\u00bb{}\u00a0\u00bb][\/et_pb_image][\/et_pb_column][et_pb_column type=\u00a0\u00bb1_5&Prime; _builder_version=\u00a0\u00bb4.16&Prime; _module_preset=\u00a0\u00bbdefault\u00a0\u00bb global_colors_info=\u00a0\u00bb{}\u00a0\u00bb][et_pb_image src=\u00a0\u00bbhttps:\/\/apcal.lu\/wp-content\/uploads\/2022\/03\/liberty-assurance.png\u00a0\u00bb alt=\u00a0\u00bbLiberty Assurance\u00a0\u00bb title_text=\u00a0\u00bblombard-international-assurance\u00a0\u00bb url=\u00a0\u00bbhttps:\/\/www.lombardinternational.com\/\u00a0\u00bb align=\u00a0\u00bbcenter\u00a0\u00bb admin_label=\u00a0\u00bbliberty\u00a0\u00bb _builder_version=\u00a0\u00bb4.16&Prime; _module_preset=\u00a0\u00bbdefault\u00a0\u00bb border_radii=\u00a0\u00bbon|5px|5px|5px|5px\u00a0\u00bb box_shadow_style=\u00a0\u00bbpreset3&Prime; global_colors_info=\u00a0\u00bb{}\u00a0\u00bb][\/et_pb_image][\/et_pb_column][et_pb_column type=\u00a0\u00bb1_5&Prime; _builder_version=\u00a0\u00bb4.16&Prime; _module_preset=\u00a0\u00bbdefault\u00a0\u00bb global_colors_info=\u00a0\u00bb{}\u00a0\u00bb][et_pb_image src=\u00a0\u00bbhttps:\/\/apcal.lu\/wp-content\/uploads\/2021\/09\/lombard-international-assurance.png\u00a0\u00bb alt=\u00a0\u00bblombard international assurance\u00a0\u00bb title_text=\u00a0\u00bblombard-international-assurance\u00a0\u00bb url=\u00a0\u00bbhttps:\/\/www.lombardinternational.com\/\u00a0\u00bb align=\u00a0\u00bbcenter\u00a0\u00bb admin_label=\u00a0\u00bbLombard\u00a0\u00bb _builder_version=\u00a0\u00bb4.16&Prime; _module_preset=\u00a0\u00bbdefault\u00a0\u00bb border_radii=\u00a0\u00bbon|5px|5px|5px|5px\u00a0\u00bb box_shadow_style=\u00a0\u00bbpreset3&Prime; global_colors_info=\u00a0\u00bb{}\u00a0\u00bb][\/et_pb_image][\/et_pb_column][et_pb_column type=\u00a0\u00bb1_5&Prime; _builder_version=\u00a0\u00bb4.16&Prime; _module_preset=\u00a0\u00bbdefault\u00a0\u00bb global_colors_info=\u00a0\u00bb{}\u00a0\u00bb][\/et_pb_column][\/et_pb_row][et_pb_row _builder_version=\u00a0\u00bb4.16&Prime; _module_preset=\u00a0\u00bbdefault\u00a0\u00bb module_alignment=\u00a0\u00bbcenter\u00a0\u00bb global_colors_info=\u00a0\u00bb{}\u00a0\u00bb][et_pb_column type=\u00a0\u00bb4_4&Prime; _builder_version=\u00a0\u00bb4.16&Prime; _module_preset=\u00a0\u00bbdefault\u00a0\u00bb global_colors_info=\u00a0\u00bb{}\u00a0\u00bb][et_pb_text admin_label=\u00a0\u00bbSilver\u00a0\u00bb _builder_version=\u00a0\u00bb4.16&Prime; _module_preset=\u00a0\u00bbdefault\u00a0\u00bb header_3_text_align=\u00a0\u00bbcenter\u00a0\u00bb header_3_font_size=\u00a0\u00bb20px\u00a0\u00bb custom_margin=\u00a0\u00bb0px|0px|0px|0px|false|false\u00a0\u00bb custom_padding=\u00a0\u00bb0px|0px|0px|0px|false|false\u00a0\u00bb global_colors_info=\u00a0\u00bb{}\u00a0\u00bb]<\/p>\n<h3>Sponsors Silver<\/h3>\n<p>[\/et_pb_text][\/et_pb_column][\/et_pb_row][et_pb_row column_structure=\u00a0\u00bb1_5,1_5,1_5,1_5,1_5&Prime; use_custom_gutter=\u00a0\u00bbon\u00a0\u00bb gutter_width=\u00a0\u00bb2&Prime; admin_label=\u00a0\u00bbPartenaires\u00a0\u00bb _builder_version=\u00a0\u00bb4.16&Prime; _module_preset=\u00a0\u00bbdefault\u00a0\u00bb custom_margin=\u00a0\u00bb10px||10px||false|false\u00a0\u00bb custom_padding=\u00a0\u00bb30px|0px|0px|0px|false|false\u00a0\u00bb global_colors_info=\u00a0\u00bb{}\u00a0\u00bb][et_pb_column type=\u00a0\u00bb1_5&Prime; _builder_version=\u00a0\u00bb4.16&Prime; _module_preset=\u00a0\u00bbdefault\u00a0\u00bb global_colors_info=\u00a0\u00bb{}\u00a0\u00bb][et_pb_image src=\u00a0\u00bbhttps:\/\/apcal.lu\/wp-content\/uploads\/2021\/09\/Mondiale-europartner.png\u00a0\u00bb alt=\u00a0\u00bbMondiale europartner\u00a0\u00bb title_text=\u00a0\u00bbMondiale-europartner\u00a0\u00bb url=\u00a0\u00bbhttps:\/\/www.lamondiale.lu\u00a0\u00bb align=\u00a0\u00bbcenter\u00a0\u00bb admin_label=\u00a0\u00bbMondiale\u00a0\u00bb _builder_version=\u00a0\u00bb4.16&Prime; _module_preset=\u00a0\u00bbdefault\u00a0\u00bb width=\u00a0\u00bb70%\u00a0\u00bb module_alignment=\u00a0\u00bbcenter\u00a0\u00bb border_radii=\u00a0\u00bbon|5px|5px|5px|5px\u00a0\u00bb box_shadow_style=\u00a0\u00bbpreset3&Prime; global_colors_info=\u00a0\u00bb{}\u00a0\u00bb][\/et_pb_image][\/et_pb_column][et_pb_column type=\u00a0\u00bb1_5&Prime; _builder_version=\u00a0\u00bb4.16&Prime; _module_preset=\u00a0\u00bbdefault\u00a0\u00bb global_colors_info=\u00a0\u00bb{}\u00a0\u00bb][et_pb_image src=\u00a0\u00bbhttps:\/\/apcal.lu\/wp-content\/uploads\/2021\/09\/cnp-luxembourg.jpg\u00a0\u00bb alt=\u00a0\u00bbCNP Luxembourg\u00a0\u00bb title_text=\u00a0\u00bbcnp-luxembourg\u00a0\u00bb url=\u00a0\u00bbhttps:\/\/www.cnpluxembourg.lu\/\u00a0\u00bb align=\u00a0\u00bbcenter\u00a0\u00bb admin_label=\u00a0\u00bbCNP\u00a0\u00bb _builder_version=\u00a0\u00bb4.16&Prime; _module_preset=\u00a0\u00bbdefault\u00a0\u00bb width=\u00a0\u00bb70%\u00a0\u00bb module_alignment=\u00a0\u00bbcenter\u00a0\u00bb border_radii=\u00a0\u00bbon|5px|5px|5px|5px\u00a0\u00bb box_shadow_style=\u00a0\u00bbpreset3&Prime; global_colors_info=\u00a0\u00bb{}\u00a0\u00bb][\/et_pb_image][\/et_pb_column][et_pb_column type=\u00a0\u00bb1_5&Prime; _builder_version=\u00a0\u00bb4.16&Prime; _module_preset=\u00a0\u00bbdefault\u00a0\u00bb global_colors_info=\u00a0\u00bb{}\u00a0\u00bb][et_pb_image src=\u00a0\u00bbhttps:\/\/apcal.lu\/wp-content\/uploads\/2021\/09\/foyer.png\u00a0\u00bb alt=\u00a0\u00bbFoyer\u00a0\u00bb title_text=\u00a0\u00bbvitis-life\u00a0\u00bb url=\u00a0\u00bbhttps:\/\/www.foyer.lu\/\u00a0\u00bb align=\u00a0\u00bbcenter\u00a0\u00bb admin_label=\u00a0\u00bbFoyer\u00a0\u00bb _builder_version=\u00a0\u00bb4.16&Prime; _module_preset=\u00a0\u00bbdefault\u00a0\u00bb width=\u00a0\u00bb70%\u00a0\u00bb module_alignment=\u00a0\u00bbcenter\u00a0\u00bb border_radii=\u00a0\u00bbon|5px|5px|5px|5px\u00a0\u00bb box_shadow_style=\u00a0\u00bbpreset3&Prime; global_colors_info=\u00a0\u00bb{}\u00a0\u00bb][\/et_pb_image][\/et_pb_column][et_pb_column type=\u00a0\u00bb1_5&Prime; _builder_version=\u00a0\u00bb4.16&Prime; _module_preset=\u00a0\u00bbdefault\u00a0\u00bb global_colors_info=\u00a0\u00bb{}\u00a0\u00bb][et_pb_image src=\u00a0\u00bbhttps:\/\/apcal.lu\/wp-content\/uploads\/2021\/09\/pwc-luxembourg.png\u00a0\u00bb alt=\u00a0\u00bbpwc\u00a0\u00bb title_text=\u00a0\u00bbpwc-luxembourg\u00a0\u00bb url=\u00a0\u00bbhttps:\/\/www.pwc.lu\/\u00a0\u00bb align=\u00a0\u00bbcenter\u00a0\u00bb admin_label=\u00a0\u00bbPWC\u00a0\u00bb _builder_version=\u00a0\u00bb4.16&Prime; _module_preset=\u00a0\u00bbdefault\u00a0\u00bb width=\u00a0\u00bb70%\u00a0\u00bb module_alignment=\u00a0\u00bbcenter\u00a0\u00bb border_radii=\u00a0\u00bbon|5px|5px|5px|5px\u00a0\u00bb box_shadow_style=\u00a0\u00bbpreset3&Prime; global_colors_info=\u00a0\u00bb{}\u00a0\u00bb][\/et_pb_image][\/et_pb_column][et_pb_column type=\u00a0\u00bb1_5&Prime; _builder_version=\u00a0\u00bb4.16&Prime; _module_preset=\u00a0\u00bbdefault\u00a0\u00bb global_colors_info=\u00a0\u00bb{}\u00a0\u00bb][et_pb_image src=\u00a0\u00bbhttps:\/\/apcal.lu\/wp-content\/uploads\/2021\/09\/vitis-life.png\u00a0\u00bb alt=\u00a0\u00bbVitis Life\u00a0\u00bb title_text=\u00a0\u00bbvitis-life\u00a0\u00bb url=\u00a0\u00bbhttps:\/\/www.vitislife.com\/\u00a0\u00bb align=\u00a0\u00bbcenter\u00a0\u00bb admin_label=\u00a0\u00bbvitislife\u00a0\u00bb _builder_version=\u00a0\u00bb4.16&Prime; _module_preset=\u00a0\u00bbdefault\u00a0\u00bb width=\u00a0\u00bb70%\u00a0\u00bb module_alignment=\u00a0\u00bbcenter\u00a0\u00bb border_radii=\u00a0\u00bbon|5px|5px|5px|5px\u00a0\u00bb box_shadow_style=\u00a0\u00bbpreset3&Prime; global_colors_info=\u00a0\u00bb{}\u00a0\u00bb][\/et_pb_image][\/et_pb_column][\/et_pb_row][\/et_pb_section]<\/p>\n","protected":false},"excerpt":{"rendered":"<p>Le r\u00e8glement d\u00e9l\u00e9gu\u00e9 UE 2021\/1257 entre en vigueur le 02 ao\u00fbt 2022. Cet article en d\u00e9taille les impacts sur les activit\u00e9s des Concepteurs et des Distributeurs.<\/p>\n","protected":false},"author":4,"featured_media":3939,"comment_status":"closed","ping_status":"closed","sticky":false,"template":"","format":"standard","meta":{"_et_pb_use_builder":"on","_et_pb_old_content":"","_et_gb_content_width":"","footnotes":""},"categories":[25,1,86],"tags":[],"class_list":["post-4375","post","type-post","status-publish","format-standard","has-post-thumbnail","hentry","category-apcal","category-news","category-sfdr-3"],"yoast_head":"<!-- This site is optimized with the Yoast SEO plugin v26.7 - https:\/\/yoast.com\/wordpress\/plugins\/seo\/ -->\n<title>Finance durable et assurance - R\u00e8glement d\u00e9l\u00e9gu\u00e9 UE 2021\/1257 - Apcal<\/title>\n<meta name=\"robots\" content=\"index, follow, max-snippet:-1, max-image-preview:large, max-video-preview:-1\" \/>\n<link rel=\"canonical\" href=\"https:\/\/apcal.lu\/fr\/finance-durable-et-assurance-reglement-delegue-ue-2021-1257-de-la-commission-du-21-avril-2021\/\" \/>\n<meta property=\"og:locale\" content=\"fr_FR\" \/>\n<meta property=\"og:type\" content=\"article\" \/>\n<meta property=\"og:title\" content=\"Finance durable et assurance - R\u00e8glement d\u00e9l\u00e9gu\u00e9 UE 2021\/1257 - Apcal\" \/>\n<meta property=\"og:description\" content=\"Le r\u00e8glement d\u00e9l\u00e9gu\u00e9 UE 2021\/1257 entre en vigueur le 02 ao\u00fbt 2022. Cet article en d\u00e9taille les impacts sur les activit\u00e9s des Concepteurs et des Distributeurs.\" \/>\n<meta property=\"og:url\" content=\"https:\/\/apcal.lu\/fr\/finance-durable-et-assurance-reglement-delegue-ue-2021-1257-de-la-commission-du-21-avril-2021\/\" \/>\n<meta property=\"og:site_name\" content=\"Apcal\" \/>\n<meta property=\"article:published_time\" content=\"2022-04-22T09:38:01+00:00\" \/>\n<meta property=\"article:modified_time\" content=\"2022-05-12T09:57:52+00:00\" \/>\n<meta property=\"og:image\" content=\"https:\/\/apcal.lu\/wp-content\/uploads\/2022\/02\/actualite-apcal.png\" \/>\n\t<meta property=\"og:image:width\" content=\"960\" \/>\n\t<meta property=\"og:image:height\" content=\"593\" \/>\n\t<meta property=\"og:image:type\" content=\"image\/png\" \/>\n<meta name=\"author\" content=\"Nathalie Schuh\" \/>\n<meta name=\"twitter:card\" content=\"summary_large_image\" \/>\n<meta name=\"twitter:label1\" content=\"\u00c9crit par\" \/>\n\t<meta name=\"twitter:data1\" content=\"Nathalie Schuh\" \/>\n\t<meta name=\"twitter:label2\" content=\"Dur\u00e9e de lecture estim\u00e9e\" \/>\n\t<meta name=\"twitter:data2\" content=\"16 minutes\" \/>\n<script type=\"application\/ld+json\" class=\"yoast-schema-graph\">{\"@context\":\"https:\/\/schema.org\",\"@graph\":[{\"@type\":\"Article\",\"@id\":\"https:\/\/apcal.lu\/fr\/finance-durable-et-assurance-reglement-delegue-ue-2021-1257-de-la-commission-du-21-avril-2021\/#article\",\"isPartOf\":{\"@id\":\"https:\/\/apcal.lu\/fr\/finance-durable-et-assurance-reglement-delegue-ue-2021-1257-de-la-commission-du-21-avril-2021\/\"},\"author\":{\"name\":\"Nathalie Schuh\",\"@id\":\"https:\/\/apcal.lu\/fr\/#\/schema\/person\/c6084e3d06cd0601c0d40849b6e736cd\"},\"headline\":\"Finance durable et assurance &#8211; R\u00e8glement d\u00e9l\u00e9gu\u00e9 UE 2021\/1257\",\"datePublished\":\"2022-04-22T09:38:01+00:00\",\"dateModified\":\"2022-05-12T09:57:52+00:00\",\"mainEntityOfPage\":{\"@id\":\"https:\/\/apcal.lu\/fr\/finance-durable-et-assurance-reglement-delegue-ue-2021-1257-de-la-commission-du-21-avril-2021\/\"},\"wordCount\":3303,\"image\":{\"@id\":\"https:\/\/apcal.lu\/fr\/finance-durable-et-assurance-reglement-delegue-ue-2021-1257-de-la-commission-du-21-avril-2021\/#primaryimage\"},\"thumbnailUrl\":\"https:\/\/apcal.lu\/wp-content\/uploads\/2022\/02\/actualite-apcal.png\",\"articleSection\":[\"APCAL\",\"News\",\"SFDR\"],\"inLanguage\":\"fr-FR\"},{\"@type\":\"WebPage\",\"@id\":\"https:\/\/apcal.lu\/fr\/finance-durable-et-assurance-reglement-delegue-ue-2021-1257-de-la-commission-du-21-avril-2021\/\",\"url\":\"https:\/\/apcal.lu\/fr\/finance-durable-et-assurance-reglement-delegue-ue-2021-1257-de-la-commission-du-21-avril-2021\/\",\"name\":\"Finance durable et assurance - R\u00e8glement d\u00e9l\u00e9gu\u00e9 UE 2021\/1257 - Apcal\",\"isPartOf\":{\"@id\":\"https:\/\/apcal.lu\/fr\/#website\"},\"primaryImageOfPage\":{\"@id\":\"https:\/\/apcal.lu\/fr\/finance-durable-et-assurance-reglement-delegue-ue-2021-1257-de-la-commission-du-21-avril-2021\/#primaryimage\"},\"image\":{\"@id\":\"https:\/\/apcal.lu\/fr\/finance-durable-et-assurance-reglement-delegue-ue-2021-1257-de-la-commission-du-21-avril-2021\/#primaryimage\"},\"thumbnailUrl\":\"https:\/\/apcal.lu\/wp-content\/uploads\/2022\/02\/actualite-apcal.png\",\"datePublished\":\"2022-04-22T09:38:01+00:00\",\"dateModified\":\"2022-05-12T09:57:52+00:00\",\"author\":{\"@id\":\"https:\/\/apcal.lu\/fr\/#\/schema\/person\/c6084e3d06cd0601c0d40849b6e736cd\"},\"breadcrumb\":{\"@id\":\"https:\/\/apcal.lu\/fr\/finance-durable-et-assurance-reglement-delegue-ue-2021-1257-de-la-commission-du-21-avril-2021\/#breadcrumb\"},\"inLanguage\":\"fr-FR\",\"potentialAction\":[{\"@type\":\"ReadAction\",\"target\":[\"https:\/\/apcal.lu\/fr\/finance-durable-et-assurance-reglement-delegue-ue-2021-1257-de-la-commission-du-21-avril-2021\/\"]}]},{\"@type\":\"ImageObject\",\"inLanguage\":\"fr-FR\",\"@id\":\"https:\/\/apcal.lu\/fr\/finance-durable-et-assurance-reglement-delegue-ue-2021-1257-de-la-commission-du-21-avril-2021\/#primaryimage\",\"url\":\"https:\/\/apcal.lu\/wp-content\/uploads\/2022\/02\/actualite-apcal.png\",\"contentUrl\":\"https:\/\/apcal.lu\/wp-content\/uploads\/2022\/02\/actualite-apcal.png\",\"width\":960,\"height\":593,\"caption\":\"Actualit\u00e9s APCAL\"},{\"@type\":\"BreadcrumbList\",\"@id\":\"https:\/\/apcal.lu\/fr\/finance-durable-et-assurance-reglement-delegue-ue-2021-1257-de-la-commission-du-21-avril-2021\/#breadcrumb\",\"itemListElement\":[{\"@type\":\"ListItem\",\"position\":1,\"name\":\"Accueil\",\"item\":\"https:\/\/apcal.lu\/fr\/\"},{\"@type\":\"ListItem\",\"position\":2,\"name\":\"Finance durable et assurance &#8211; R\u00e8glement d\u00e9l\u00e9gu\u00e9 UE 2021\/1257\"}]},{\"@type\":\"WebSite\",\"@id\":\"https:\/\/apcal.lu\/fr\/#website\",\"url\":\"https:\/\/apcal.lu\/fr\/\",\"name\":\"Apcal\",\"description\":\"Association des courtiers en assurance du Luxembourg\",\"potentialAction\":[{\"@type\":\"SearchAction\",\"target\":{\"@type\":\"EntryPoint\",\"urlTemplate\":\"https:\/\/apcal.lu\/fr\/?s={search_term_string}\"},\"query-input\":{\"@type\":\"PropertyValueSpecification\",\"valueRequired\":true,\"valueName\":\"search_term_string\"}}],\"inLanguage\":\"fr-FR\"},{\"@type\":\"Person\",\"@id\":\"https:\/\/apcal.lu\/fr\/#\/schema\/person\/c6084e3d06cd0601c0d40849b6e736cd\",\"name\":\"Nathalie Schuh\",\"image\":{\"@type\":\"ImageObject\",\"inLanguage\":\"fr-FR\",\"@id\":\"https:\/\/apcal.lu\/fr\/#\/schema\/person\/image\/\",\"url\":\"https:\/\/secure.gravatar.com\/avatar\/c31bfc570b2dfabc9a3c15f6e572b7698826cd9f114a002fcbd913d0a34aa162?s=96&d=mm&r=g\",\"contentUrl\":\"https:\/\/secure.gravatar.com\/avatar\/c31bfc570b2dfabc9a3c15f6e572b7698826cd9f114a002fcbd913d0a34aa162?s=96&d=mm&r=g\",\"caption\":\"Nathalie Schuh\"},\"url\":\"https:\/\/apcal.lu\/fr\/author\/nathalie\/\"}]}<\/script>\n<!-- \/ Yoast SEO plugin. -->","yoast_head_json":{"title":"Finance durable et assurance - R\u00e8glement d\u00e9l\u00e9gu\u00e9 UE 2021\/1257 - Apcal","robots":{"index":"index","follow":"follow","max-snippet":"max-snippet:-1","max-image-preview":"max-image-preview:large","max-video-preview":"max-video-preview:-1"},"canonical":"https:\/\/apcal.lu\/fr\/finance-durable-et-assurance-reglement-delegue-ue-2021-1257-de-la-commission-du-21-avril-2021\/","og_locale":"fr_FR","og_type":"article","og_title":"Finance durable et assurance - R\u00e8glement d\u00e9l\u00e9gu\u00e9 UE 2021\/1257 - Apcal","og_description":"Le r\u00e8glement d\u00e9l\u00e9gu\u00e9 UE 2021\/1257 entre en vigueur le 02 ao\u00fbt 2022. Cet article en d\u00e9taille les impacts sur les activit\u00e9s des Concepteurs et des Distributeurs.","og_url":"https:\/\/apcal.lu\/fr\/finance-durable-et-assurance-reglement-delegue-ue-2021-1257-de-la-commission-du-21-avril-2021\/","og_site_name":"Apcal","article_published_time":"2022-04-22T09:38:01+00:00","article_modified_time":"2022-05-12T09:57:52+00:00","og_image":[{"width":960,"height":593,"url":"https:\/\/apcal.lu\/wp-content\/uploads\/2022\/02\/actualite-apcal.png","type":"image\/png"}],"author":"Nathalie Schuh","twitter_card":"summary_large_image","twitter_misc":{"\u00c9crit par":"Nathalie Schuh","Dur\u00e9e de lecture estim\u00e9e":"16 minutes"},"schema":{"@context":"https:\/\/schema.org","@graph":[{"@type":"Article","@id":"https:\/\/apcal.lu\/fr\/finance-durable-et-assurance-reglement-delegue-ue-2021-1257-de-la-commission-du-21-avril-2021\/#article","isPartOf":{"@id":"https:\/\/apcal.lu\/fr\/finance-durable-et-assurance-reglement-delegue-ue-2021-1257-de-la-commission-du-21-avril-2021\/"},"author":{"name":"Nathalie Schuh","@id":"https:\/\/apcal.lu\/fr\/#\/schema\/person\/c6084e3d06cd0601c0d40849b6e736cd"},"headline":"Finance durable et assurance &#8211; R\u00e8glement d\u00e9l\u00e9gu\u00e9 UE 2021\/1257","datePublished":"2022-04-22T09:38:01+00:00","dateModified":"2022-05-12T09:57:52+00:00","mainEntityOfPage":{"@id":"https:\/\/apcal.lu\/fr\/finance-durable-et-assurance-reglement-delegue-ue-2021-1257-de-la-commission-du-21-avril-2021\/"},"wordCount":3303,"image":{"@id":"https:\/\/apcal.lu\/fr\/finance-durable-et-assurance-reglement-delegue-ue-2021-1257-de-la-commission-du-21-avril-2021\/#primaryimage"},"thumbnailUrl":"https:\/\/apcal.lu\/wp-content\/uploads\/2022\/02\/actualite-apcal.png","articleSection":["APCAL","News","SFDR"],"inLanguage":"fr-FR"},{"@type":"WebPage","@id":"https:\/\/apcal.lu\/fr\/finance-durable-et-assurance-reglement-delegue-ue-2021-1257-de-la-commission-du-21-avril-2021\/","url":"https:\/\/apcal.lu\/fr\/finance-durable-et-assurance-reglement-delegue-ue-2021-1257-de-la-commission-du-21-avril-2021\/","name":"Finance durable et assurance - R\u00e8glement d\u00e9l\u00e9gu\u00e9 UE 2021\/1257 - Apcal","isPartOf":{"@id":"https:\/\/apcal.lu\/fr\/#website"},"primaryImageOfPage":{"@id":"https:\/\/apcal.lu\/fr\/finance-durable-et-assurance-reglement-delegue-ue-2021-1257-de-la-commission-du-21-avril-2021\/#primaryimage"},"image":{"@id":"https:\/\/apcal.lu\/fr\/finance-durable-et-assurance-reglement-delegue-ue-2021-1257-de-la-commission-du-21-avril-2021\/#primaryimage"},"thumbnailUrl":"https:\/\/apcal.lu\/wp-content\/uploads\/2022\/02\/actualite-apcal.png","datePublished":"2022-04-22T09:38:01+00:00","dateModified":"2022-05-12T09:57:52+00:00","author":{"@id":"https:\/\/apcal.lu\/fr\/#\/schema\/person\/c6084e3d06cd0601c0d40849b6e736cd"},"breadcrumb":{"@id":"https:\/\/apcal.lu\/fr\/finance-durable-et-assurance-reglement-delegue-ue-2021-1257-de-la-commission-du-21-avril-2021\/#breadcrumb"},"inLanguage":"fr-FR","potentialAction":[{"@type":"ReadAction","target":["https:\/\/apcal.lu\/fr\/finance-durable-et-assurance-reglement-delegue-ue-2021-1257-de-la-commission-du-21-avril-2021\/"]}]},{"@type":"ImageObject","inLanguage":"fr-FR","@id":"https:\/\/apcal.lu\/fr\/finance-durable-et-assurance-reglement-delegue-ue-2021-1257-de-la-commission-du-21-avril-2021\/#primaryimage","url":"https:\/\/apcal.lu\/wp-content\/uploads\/2022\/02\/actualite-apcal.png","contentUrl":"https:\/\/apcal.lu\/wp-content\/uploads\/2022\/02\/actualite-apcal.png","width":960,"height":593,"caption":"Actualit\u00e9s APCAL"},{"@type":"BreadcrumbList","@id":"https:\/\/apcal.lu\/fr\/finance-durable-et-assurance-reglement-delegue-ue-2021-1257-de-la-commission-du-21-avril-2021\/#breadcrumb","itemListElement":[{"@type":"ListItem","position":1,"name":"Accueil","item":"https:\/\/apcal.lu\/fr\/"},{"@type":"ListItem","position":2,"name":"Finance durable et assurance &#8211; R\u00e8glement d\u00e9l\u00e9gu\u00e9 UE 2021\/1257"}]},{"@type":"WebSite","@id":"https:\/\/apcal.lu\/fr\/#website","url":"https:\/\/apcal.lu\/fr\/","name":"Apcal","description":"Association des courtiers en assurance du Luxembourg","potentialAction":[{"@type":"SearchAction","target":{"@type":"EntryPoint","urlTemplate":"https:\/\/apcal.lu\/fr\/?s={search_term_string}"},"query-input":{"@type":"PropertyValueSpecification","valueRequired":true,"valueName":"search_term_string"}}],"inLanguage":"fr-FR"},{"@type":"Person","@id":"https:\/\/apcal.lu\/fr\/#\/schema\/person\/c6084e3d06cd0601c0d40849b6e736cd","name":"Nathalie Schuh","image":{"@type":"ImageObject","inLanguage":"fr-FR","@id":"https:\/\/apcal.lu\/fr\/#\/schema\/person\/image\/","url":"https:\/\/secure.gravatar.com\/avatar\/c31bfc570b2dfabc9a3c15f6e572b7698826cd9f114a002fcbd913d0a34aa162?s=96&d=mm&r=g","contentUrl":"https:\/\/secure.gravatar.com\/avatar\/c31bfc570b2dfabc9a3c15f6e572b7698826cd9f114a002fcbd913d0a34aa162?s=96&d=mm&r=g","caption":"Nathalie Schuh"},"url":"https:\/\/apcal.lu\/fr\/author\/nathalie\/"}]}},"publishpress_future_action":{"enabled":false,"date":"2026-05-03 10:14:51","action":"change-status","newStatus":"trash","terms":[],"taxonomy":"category","extraData":[]},"publishpress_future_workflow_manual_trigger":{"enabledWorkflows":[]},"_links":{"self":[{"href":"https:\/\/apcal.lu\/fr\/wp-json\/wp\/v2\/posts\/4375","targetHints":{"allow":["GET"]}}],"collection":[{"href":"https:\/\/apcal.lu\/fr\/wp-json\/wp\/v2\/posts"}],"about":[{"href":"https:\/\/apcal.lu\/fr\/wp-json\/wp\/v2\/types\/post"}],"author":[{"embeddable":true,"href":"https:\/\/apcal.lu\/fr\/wp-json\/wp\/v2\/users\/4"}],"replies":[{"embeddable":true,"href":"https:\/\/apcal.lu\/fr\/wp-json\/wp\/v2\/comments?post=4375"}],"version-history":[{"count":15,"href":"https:\/\/apcal.lu\/fr\/wp-json\/wp\/v2\/posts\/4375\/revisions"}],"predecessor-version":[{"id":4561,"href":"https:\/\/apcal.lu\/fr\/wp-json\/wp\/v2\/posts\/4375\/revisions\/4561"}],"wp:featuredmedia":[{"embeddable":true,"href":"https:\/\/apcal.lu\/fr\/wp-json\/wp\/v2\/media\/3939"}],"wp:attachment":[{"href":"https:\/\/apcal.lu\/fr\/wp-json\/wp\/v2\/media?parent=4375"}],"wp:term":[{"taxonomy":"category","embeddable":true,"href":"https:\/\/apcal.lu\/fr\/wp-json\/wp\/v2\/categories?post=4375"},{"taxonomy":"post_tag","embeddable":true,"href":"https:\/\/apcal.lu\/fr\/wp-json\/wp\/v2\/tags?post=4375"}],"curies":[{"name":"wp","href":"https:\/\/api.w.org\/{rel}","templated":true}]}}