{"id":357,"date":"2020-09-29T09:30:34","date_gmt":"2020-09-29T07:30:34","guid":{"rendered":"https:\/\/web.apcal.lu\/?p=357"},"modified":"2022-01-14T11:12:36","modified_gmt":"2022-01-14T10:12:36","slug":"soiree-du-courtage-sessions-videos-29-octobre-2020","status":"publish","type":"post","link":"https:\/\/apcal.lu\/fr\/soiree-du-courtage-sessions-videos-29-octobre-2020\/","title":{"rendered":"Soir\u00e9e du courtage &#8211; sessions vid\u00e9os &#8211; 29 octobre 2020"},"content":{"rendered":"<p>[et_pb_section fb_built=\u00a0\u00bb1&Prime; _builder_version=\u00a0\u00bb4.9.7&Prime; _module_preset=\u00a0\u00bbdefault\u00a0\u00bb custom_margin=\u00a0\u00bb||80px||false|false\u00a0\u00bb global_colors_info=\u00a0\u00bb{}\u00a0\u00bb][et_pb_row _builder_version=\u00a0\u00bb4.9.7&Prime; _module_preset=\u00a0\u00bbdefault\u00a0\u00bb global_colors_info=\u00a0\u00bb{}\u00a0\u00bb][et_pb_column type=\u00a0\u00bb4_4&Prime; _builder_version=\u00a0\u00bb4.9.7&Prime; _module_preset=\u00a0\u00bbdefault\u00a0\u00bb global_colors_info=\u00a0\u00bb{}\u00a0\u00bb][et_pb_text admin_label=\u00a0\u00bbH1 &#8211; titre du post\u00a0\u00bb _builder_version=\u00a0\u00bb4.9.7&Prime; _module_preset=\u00a0\u00bbdefault\u00a0\u00bb header_text_color=\u00a0\u00bb#55547D\u00a0\u00bb header_line_height=\u00a0\u00bb1.2em\u00a0\u00bb global_colors_info=\u00a0\u00bb{}\u00a0\u00bb]<\/p>\n<h1>Soir\u00e9e du courtage APCAL du 29 octobre 2020 : les sessions vid\u00e9os<\/h1>\n<p>[\/et_pb_text][et_pb_image src=\u00a0\u00bbhttps:\/\/apcal.lu\/wp-content\/uploads\/2021\/09\/soiree-courtage-apcal-960&#215;593-1.jpg\u00a0\u00bb alt=\u00a0\u00bbSoir\u00e9e du courtage &#8211; sessions vid\u00e9os\u00a0\u00bb _builder_version=\u00a0\u00bb4.14.2&Prime; _module_preset=\u00a0\u00bbdefault\u00a0\u00bb border_radii=\u00a0\u00bbon|5px|5px|5px|5px\u00a0\u00bb box_shadow_style=\u00a0\u00bbpreset3&Prime; global_colors_info=\u00a0\u00bb{}\u00a0\u00bb][\/et_pb_image][et_pb_text _builder_version=\u00a0\u00bb4.14.2&Prime; _module_preset=\u00a0\u00bbdefault\u00a0\u00bb hover_enabled=\u00a0\u00bb0&Prime; global_colors_info=\u00a0\u00bb{}\u00a0\u00bb sticky_enabled=\u00a0\u00bb0&Prime; custom_margin=\u00a0\u00bb60px||||false|false\u00a0\u00bb]<\/p>\n<h2 class=\"has-text-align-center\">Assurance et Covid-19<\/h2>\n<p>[\/et_pb_text][et_pb_text _builder_version=\u00a0\u00bb4.14.2&Prime; _module_preset=\u00a0\u00bbdefault\u00a0\u00bb hover_enabled=\u00a0\u00bb0&Prime; global_colors_info=\u00a0\u00bb{}\u00a0\u00bb sticky_enabled=\u00a0\u00bb0&Prime; custom_margin=\u00a0\u00bb60px||||false|false\u00a0\u00bb]<\/p>\n<h3>Sessions th\u00e9matiques<\/h3>\n<p class=\"has-text-align-center\"><strong>17.00 MOT DE BIENVENUE<\/strong><\/p>\n<ul>\n<li>Mr. Marco Caldana, Pr\u00e9sident sortant de l\u2019APCAL<\/li>\n<li>Mme Catherine Lesourd, Nouveau Pr\u00e9sident de l\u2019APCAL<\/li>\n<\/ul>\n<p class=\"has-text-align-center\"><strong>17.10\u00a0<\/strong><strong>INTRODUCTION<br \/><\/strong>Mr. Claude Wirion, Directeur du Comit\u00e9 de Direc=on, CAA<\/p>\n<p class=\"has-text-align-center\"><strong>17.30\u00a0<\/strong><strong>PANEL DE DISCUSSION SUR L\u2019IMPACT DU COVID-19 SUR LES ACTEURS (COURTIERS, ASSUREURS)<\/strong><\/p>\n<p>Mod\u00e9rateur : Lorenzo Stipulante, Gatsby &amp; White<\/p>\n<ul>\n<li>Nicolas Desmarest, Lombard Interna=onal Assurance S.A.<\/li>\n<li>Nicolas Limbourg, Vittis Life<\/li>\n<li>Bert Bouton, Nepenth<\/li>\n<\/ul>\n<p class=\"has-text-align-center\"><strong>17 :50 \u2013 17 :55\u00a0: Q&amp;A<\/strong><\/p>\n<p class=\"has-text-align-center\"><strong>17.55\u00a0CONS\u00c9QUENCES DU COVID SUR LES FUTURS PRODUITS D\u2019ASSURANCE: COMMENT ASSURER LES PAND\u00c9MIES ET LEURS CONS\u00c9QUENCES FINANCI\u00c8RES<\/strong><\/p>\n<ul>\n<li>Alessandro Quero, Head of Protection, La Mondiale : \u00ab\u00a0Les besoins de protection de la client\u00e8le HNWI\u00a0\u00bb<\/li>\n<li>Pierre-Micha\u00ebl de Waersegger , Arendt &amp; Medernach : \u00ab Le COVID est-il assurable ? \u00bb<\/li>\n<\/ul>\n<p class=\"has-text-align-center\"><strong>18 :05 \u2013 18 :10\u00a0: Q&amp;A<\/strong><\/p>\n<p class=\"has-text-align-center\"><strong>18.10\u00a0L\u2019\u00c8RE POST-COVID: \u00c9VOLUTION ET TRANSFORMATION DE L\u2019ENVIRONNEMENT DE TRAVAIL ET DES MOD\u00c8LES ORGANISATIONNELS<\/strong><\/p>\n<ul>\n<li>Philippe Schmit, Arendt &amp; Medernach : \u00ab Quel avenir pour le t\u00e9l\u00e9travail dans l\u2019\u00e8re post-covid ? Tour d\u2019horizon et perspectives d\u2019avenir \u00bb<\/li>\n<li>Anthony Dault et David Donias, PWC Luxembourg : \u201cHow insurance can prepare for the next distribution model\u201d<\/li>\n<\/ul>\n<p class=\"has-text-align-center\"><strong>18 :30 \u2013 18 :35\u00a0: Q&amp;A<\/strong><\/p>\n<p class=\"has-text-align-center\"><strong>18.35\u00a0L\u2019\u00c8RE POST-COVID : EST-IL TEMPS DE CONSID\u00c9RER L\u2019INVESTISSEMENT D\u2019IMPACT DANS VOS INVESTISSEMENTS ?<\/strong><\/p>\n<ul>\n<li>Lo\u00efc Pouget, M&amp;G Investment<\/li>\n<\/ul>\n<p class=\"has-text-align-center\"><strong>18.45\u00a0SESSION DE QUESTIONS ET CL\u00d4TURE<\/strong><\/p>\n<ul>\n<li>Mr. Marco Caldana, Pr\u00e9sident sortant de l\u2019APCAL<\/li>\n<\/ul>\n<ul>\n<li>Mme Catherine Lesourd, Nouveau Pr\u00e9sident de l\u2019APCAL<\/li>\n<\/ul>\n<p>[\/et_pb_text][\/et_pb_column][\/et_pb_row][et_pb_row _builder_version=\u00a0\u00bb4.9.7&Prime; _module_preset=\u00a0\u00bbdefault\u00a0\u00bb custom_margin=\u00a0\u00bb||60px||false|false\u00a0\u00bb custom_padding=\u00a0\u00bb||0px||false|false\u00a0\u00bb global_colors_info=\u00a0\u00bb{}\u00a0\u00bb][et_pb_column type=\u00a0\u00bb4_4&Prime; _builder_version=\u00a0\u00bb4.9.7&Prime; _module_preset=\u00a0\u00bbdefault\u00a0\u00bb global_colors_info=\u00a0\u00bb{}\u00a0\u00bb][et_pb_text admin_label=\u00a0\u00bbH2&Prime; _builder_version=\u00a0\u00bb4.9.7&Prime; _module_preset=\u00a0\u00bbdefault\u00a0\u00bb header_font=\u00a0\u00bb||||||||\u00a0\u00bb header_2_font=\u00a0\u00bb|||on|||||\u00a0\u00bb header_2_line_height=\u00a0\u00bb1.2em\u00a0\u00bb header_3_text_color=\u00a0\u00bb#C2974C\u00a0\u00bb header_3_font_size=\u00a0\u00bb20px\u00a0\u00bb header_3_line_height=\u00a0\u00bb1.4em\u00a0\u00bb custom_margin=\u00a0\u00bb||20px||false|false\u00a0\u00bb border_color_bottom=\u00a0\u00bb#7886A2&Prime; global_colors_info=\u00a0\u00bb{}\u00a0\u00bb]<\/p>\n<h2>Mot de bienvenue et introduction<\/h2>\n<p>[\/et_pb_text][et_pb_text _builder_version=\u00a0\u00bb4.9.7&Prime; _module_preset=\u00a0\u00bbdefault\u00a0\u00bb header_2_font=\u00a0\u00bb||||||||\u00a0\u00bb header_2_text_color=\u00a0\u00bb#C2974C\u00a0\u00bb header_2_font_size=\u00a0\u00bb20px\u00a0\u00bb header_2_line_height=\u00a0\u00bb1.3em\u00a0\u00bb global_colors_info=\u00a0\u00bb{}\u00a0\u00bb]<\/p>\n<h3>Session 1<\/h3>\n<p>Mr. Marco Caldana, Pr\u00e9sident sortant de l\u2019APCAL<br \/>Mme Catherine Lesourd, Nouvelle Pr\u00e9sidente de l\u2019APCAL<\/p>\n<p>[\/et_pb_text][et_pb_video src=\u00a0\u00bbhttps:\/\/www.youtube.com\/watch?v=b7evV0OgS88&#038;t=6s\u00a0\u00bb _builder_version=\u00a0\u00bb4.9.7&Prime; _module_preset=\u00a0\u00bbdefault\u00a0\u00bb global_colors_info=\u00a0\u00bb{}\u00a0\u00bb][\/et_pb_video][et_pb_divider color=\u00a0\u00bbrgba(120,134,162,0.3)\u00a0\u00bb _builder_version=\u00a0\u00bb4.9.7&Prime; _module_preset=\u00a0\u00bbdefault\u00a0\u00bb width=\u00a0\u00bb30%\u00a0\u00bb module_alignment=\u00a0\u00bbcenter\u00a0\u00bb global_colors_info=\u00a0\u00bb{}\u00a0\u00bb][\/et_pb_divider][\/et_pb_column][\/et_pb_row][et_pb_row _builder_version=\u00a0\u00bb4.9.7&Prime; _module_preset=\u00a0\u00bbdefault\u00a0\u00bb custom_margin=\u00a0\u00bb||60px||false|false\u00a0\u00bb custom_padding=\u00a0\u00bb||0px||false|false\u00a0\u00bb global_colors_info=\u00a0\u00bb{}\u00a0\u00bb][et_pb_column type=\u00a0\u00bb4_4&Prime; _builder_version=\u00a0\u00bb4.9.7&Prime; _module_preset=\u00a0\u00bbdefault\u00a0\u00bb global_colors_info=\u00a0\u00bb{}\u00a0\u00bb][et_pb_text admin_label=\u00a0\u00bbH2&Prime; _builder_version=\u00a0\u00bb4.9.7&Prime; _module_preset=\u00a0\u00bbdefault\u00a0\u00bb header_font=\u00a0\u00bb||||||||\u00a0\u00bb header_2_font=\u00a0\u00bb|||on|||||\u00a0\u00bb header_2_line_height=\u00a0\u00bb1.2em\u00a0\u00bb header_3_text_color=\u00a0\u00bb#C2974C\u00a0\u00bb header_3_font_size=\u00a0\u00bb20px\u00a0\u00bb header_3_line_height=\u00a0\u00bb1.4em\u00a0\u00bb custom_margin=\u00a0\u00bb||20px||false|false\u00a0\u00bb border_color_bottom=\u00a0\u00bb#7886A2&Prime; global_colors_info=\u00a0\u00bb{}\u00a0\u00bb]<\/p>\n<h2>\u00a0<\/h2>\n<h2 class=\"has-text-align-center\"><strong>Panel de discussion sur l&rsquo;impact du covid-19 sur les acteurs (courtiers, assureurs)<\/strong><\/h2>\n<p>[\/et_pb_text][et_pb_text _builder_version=\u00a0\u00bb4.9.7&Prime; _module_preset=\u00a0\u00bbdefault\u00a0\u00bb header_2_font=\u00a0\u00bb||||||||\u00a0\u00bb header_2_text_color=\u00a0\u00bb#C2974C\u00a0\u00bb header_2_font_size=\u00a0\u00bb20px\u00a0\u00bb header_2_line_height=\u00a0\u00bb1.3em\u00a0\u00bb global_colors_info=\u00a0\u00bb{}\u00a0\u00bb]<\/p>\n<h3>Session 2 &amp; 3<\/h3>\n<p>Mod\u00e9rateur : Lorenzo Stipulante, Gatsby &amp; White<\/p>\n<p>Nicolas Desmarest, Lombard International Assurance S.A.<br \/>Nicolas Limbourg, Vittis Life<br \/>Bert Bouton, Nepenthe<\/p>\n<p>[\/et_pb_text][et_pb_video src=\u00a0\u00bbhttps:\/\/www.youtube.com\/watch?v=nlr5uLt-U-o\u00a0\u00bb _builder_version=\u00a0\u00bb4.9.7&Prime; _module_preset=\u00a0\u00bbdefault\u00a0\u00bb global_colors_info=\u00a0\u00bb{}\u00a0\u00bb][\/et_pb_video][et_pb_divider color=\u00a0\u00bbrgba(120,134,162,0.3)\u00a0\u00bb _builder_version=\u00a0\u00bb4.9.7&Prime; _module_preset=\u00a0\u00bbdefault\u00a0\u00bb width=\u00a0\u00bb30%\u00a0\u00bb module_alignment=\u00a0\u00bbcenter\u00a0\u00bb global_colors_info=\u00a0\u00bb{}\u00a0\u00bb][\/et_pb_divider][\/et_pb_column][\/et_pb_row][et_pb_row _builder_version=\u00a0\u00bb4.9.7&Prime; _module_preset=\u00a0\u00bbdefault\u00a0\u00bb custom_margin=\u00a0\u00bb||60px||false|false\u00a0\u00bb custom_padding=\u00a0\u00bb||0px||false|false\u00a0\u00bb global_colors_info=\u00a0\u00bb{}\u00a0\u00bb][et_pb_column type=\u00a0\u00bb4_4&Prime; _builder_version=\u00a0\u00bb4.9.7&Prime; _module_preset=\u00a0\u00bbdefault\u00a0\u00bb global_colors_info=\u00a0\u00bb{}\u00a0\u00bb][et_pb_text admin_label=\u00a0\u00bbH2&Prime; _builder_version=\u00a0\u00bb4.9.7&Prime; _module_preset=\u00a0\u00bbdefault\u00a0\u00bb header_font=\u00a0\u00bb||||||||\u00a0\u00bb header_2_font=\u00a0\u00bb|||on|||||\u00a0\u00bb header_2_line_height=\u00a0\u00bb1.2em\u00a0\u00bb header_3_text_color=\u00a0\u00bb#C2974C\u00a0\u00bb header_3_font_size=\u00a0\u00bb20px\u00a0\u00bb header_3_line_height=\u00a0\u00bb1.4em\u00a0\u00bb custom_margin=\u00a0\u00bb||20px||false|false\u00a0\u00bb border_color_bottom=\u00a0\u00bb#7886A2&Prime; global_colors_info=\u00a0\u00bb{}\u00a0\u00bb]<\/p>\n<h2>L&rsquo;\u00e8re post-covid : \u00e9volution et transformation de l&rsquo;environnement de travail et des mod\u00e8les organisationnels<\/h2>\n<p>[\/et_pb_text][et_pb_text _builder_version=\u00a0\u00bb4.9.7&Prime; _module_preset=\u00a0\u00bbdefault\u00a0\u00bb header_2_font=\u00a0\u00bb||||||||\u00a0\u00bb header_2_text_color=\u00a0\u00bb#C2974C\u00a0\u00bb header_2_font_size=\u00a0\u00bb20px\u00a0\u00bb header_2_line_height=\u00a0\u00bb1.3em\u00a0\u00bb global_colors_info=\u00a0\u00bb{}\u00a0\u00bb]<\/p>\n<h3>Session 4<\/h3>\n<p>Alessandro Quero, Head of Protection, La Mondiale : \u00ab Les besoins de protection de la client\u00e8le HNWI \u00bb<br \/>Pierre-Micha\u00ebl de Waersegger , Arendt &amp; Medernach : \u00ab Le COVID est-il assurable ? \u00bb<\/p>\n<p>[\/et_pb_text][et_pb_video src=\u00a0\u00bbhttps:\/\/www.youtube.com\/watch?v=_cJvCEB9mE8&Prime; _builder_version=\u00a0\u00bb4.9.7&Prime; _module_preset=\u00a0\u00bbdefault\u00a0\u00bb global_colors_info=\u00a0\u00bb{}\u00a0\u00bb][\/et_pb_video][et_pb_divider color=\u00a0\u00bbrgba(120,134,162,0.3)\u00a0\u00bb _builder_version=\u00a0\u00bb4.9.7&Prime; _module_preset=\u00a0\u00bbdefault\u00a0\u00bb width=\u00a0\u00bb30%\u00a0\u00bb module_alignment=\u00a0\u00bbcenter\u00a0\u00bb global_colors_info=\u00a0\u00bb{}\u00a0\u00bb][\/et_pb_divider][\/et_pb_column][\/et_pb_row][et_pb_row _builder_version=\u00a0\u00bb4.9.7&Prime; _module_preset=\u00a0\u00bbdefault\u00a0\u00bb custom_margin=\u00a0\u00bb||60px||false|false\u00a0\u00bb custom_padding=\u00a0\u00bb||0px||false|false\u00a0\u00bb global_colors_info=\u00a0\u00bb{}\u00a0\u00bb][et_pb_column type=\u00a0\u00bb4_4&Prime; _builder_version=\u00a0\u00bb4.9.7&Prime; _module_preset=\u00a0\u00bbdefault\u00a0\u00bb global_colors_info=\u00a0\u00bb{}\u00a0\u00bb][et_pb_text admin_label=\u00a0\u00bbH2&Prime; _builder_version=\u00a0\u00bb4.9.7&Prime; _module_preset=\u00a0\u00bbdefault\u00a0\u00bb header_font=\u00a0\u00bb||||||||\u00a0\u00bb header_2_font=\u00a0\u00bb|||on|||||\u00a0\u00bb header_2_line_height=\u00a0\u00bb1.2em\u00a0\u00bb header_3_text_color=\u00a0\u00bb#C2974C\u00a0\u00bb header_3_font_size=\u00a0\u00bb20px\u00a0\u00bb header_3_line_height=\u00a0\u00bb1.4em\u00a0\u00bb custom_margin=\u00a0\u00bb||20px||false|false\u00a0\u00bb border_color_bottom=\u00a0\u00bb#7886A2&Prime; global_colors_info=\u00a0\u00bb{}\u00a0\u00bb]<\/p>\n<h2>Cons\u00e9quences du covid sur les futurs produits d&rsquo;assurance :\u00a0comment assurer les pand\u00e9mies et leurs cons\u00e9quences financi\u00e8res<\/h2>\n<p>[\/et_pb_text][et_pb_text _builder_version=\u00a0\u00bb4.9.7&Prime; _module_preset=\u00a0\u00bbdefault\u00a0\u00bb header_2_font=\u00a0\u00bb||||||||\u00a0\u00bb header_2_text_color=\u00a0\u00bb#C2974C\u00a0\u00bb header_2_font_size=\u00a0\u00bb20px\u00a0\u00bb header_2_line_height=\u00a0\u00bb1.3em\u00a0\u00bb global_colors_info=\u00a0\u00bb{}\u00a0\u00bb]<\/p>\n<h3>Session 5<\/h3>\n<p>Philippe Schmit, Arendt &amp; Medernach : \u00ab Quel avenir pour le t\u00e9l\u00e9travail dans l\u2019\u00e8re post-covid ? Tour d\u2019horizon et perspectives d\u2019avenir \u00bb<br \/>Anthony Dault et David Donias, PWC Luxembourg : \u201cHow insurance can prepare for the next distribution model\u201d<\/p>\n<p>[\/et_pb_text][et_pb_video src=\u00a0\u00bbhttps:\/\/www.youtube.com\/watch?v=xT7hfQzUqzw\u00a0\u00bb _builder_version=\u00a0\u00bb4.9.7&Prime; _module_preset=\u00a0\u00bbdefault\u00a0\u00bb global_colors_info=\u00a0\u00bb{}\u00a0\u00bb][\/et_pb_video][et_pb_divider color=\u00a0\u00bbrgba(120,134,162,0.3)\u00a0\u00bb _builder_version=\u00a0\u00bb4.9.7&Prime; _module_preset=\u00a0\u00bbdefault\u00a0\u00bb width=\u00a0\u00bb30%\u00a0\u00bb module_alignment=\u00a0\u00bbcenter\u00a0\u00bb global_colors_info=\u00a0\u00bb{}\u00a0\u00bb][\/et_pb_divider][\/et_pb_column][\/et_pb_row][et_pb_row _builder_version=\u00a0\u00bb4.9.7&Prime; _module_preset=\u00a0\u00bbdefault\u00a0\u00bb custom_margin=\u00a0\u00bb||60px||false|false\u00a0\u00bb custom_padding=\u00a0\u00bb||0px||false|false\u00a0\u00bb global_colors_info=\u00a0\u00bb{}\u00a0\u00bb][et_pb_column type=\u00a0\u00bb4_4&Prime; _builder_version=\u00a0\u00bb4.9.7&Prime; _module_preset=\u00a0\u00bbdefault\u00a0\u00bb global_colors_info=\u00a0\u00bb{}\u00a0\u00bb][et_pb_text admin_label=\u00a0\u00bbH2&Prime; _builder_version=\u00a0\u00bb4.9.7&Prime; _module_preset=\u00a0\u00bbdefault\u00a0\u00bb header_font=\u00a0\u00bb||||||||\u00a0\u00bb header_2_font=\u00a0\u00bb|||on|||||\u00a0\u00bb header_2_line_height=\u00a0\u00bb1.2em\u00a0\u00bb header_3_text_color=\u00a0\u00bb#C2974C\u00a0\u00bb header_3_font_size=\u00a0\u00bb20px\u00a0\u00bb header_3_line_height=\u00a0\u00bb1.4em\u00a0\u00bb custom_margin=\u00a0\u00bb||20px||false|false\u00a0\u00bb border_color_bottom=\u00a0\u00bb#7886A2&Prime; global_colors_info=\u00a0\u00bb{}\u00a0\u00bb]<\/p>\n<h2>L&rsquo;\u00e8re post-covid : est-il temps de consid\u00e9rer l&rsquo;investissement d&rsquo;impact dans nos investissements ?<\/h2>\n<p>[\/et_pb_text][et_pb_text _builder_version=\u00a0\u00bb4.9.7&Prime; _module_preset=\u00a0\u00bbdefault\u00a0\u00bb header_2_font=\u00a0\u00bb||||||||\u00a0\u00bb header_2_text_color=\u00a0\u00bb#C2974C\u00a0\u00bb header_2_font_size=\u00a0\u00bb20px\u00a0\u00bb header_2_line_height=\u00a0\u00bb1.3em\u00a0\u00bb global_colors_info=\u00a0\u00bb{}\u00a0\u00bb]<\/p>\n<h3>Session 6<\/h3>\n<p>Lo\u00efc Pouget, M&amp;G Investment<\/p>\n<p>[\/et_pb_text][et_pb_video src=\u00a0\u00bbhttps:\/\/www.youtube.com\/watch?v=XR1neJzfXKU&#038;t=68s\u00a0\u00bb _builder_version=\u00a0\u00bb4.9.7&Prime; _module_preset=\u00a0\u00bbdefault\u00a0\u00bb global_colors_info=\u00a0\u00bb{}\u00a0\u00bb][\/et_pb_video][et_pb_divider color=\u00a0\u00bbrgba(120,134,162,0.3)\u00a0\u00bb _builder_version=\u00a0\u00bb4.9.7&Prime; _module_preset=\u00a0\u00bbdefault\u00a0\u00bb width=\u00a0\u00bb30%\u00a0\u00bb module_alignment=\u00a0\u00bbcenter\u00a0\u00bb global_colors_info=\u00a0\u00bb{}\u00a0\u00bb][\/et_pb_divider][\/et_pb_column][\/et_pb_row][\/et_pb_section][et_pb_section fb_built=\u00a0\u00bb1&Prime; _builder_version=\u00a0\u00bb4.9.7&Prime; _module_preset=\u00a0\u00bbdefault\u00a0\u00bb global_module=\u00a0\u00bb448&Prime; global_colors_info=\u00a0\u00bb{}\u00a0\u00bb][et_pb_row _builder_version=\u00a0\u00bb4.9.7&Prime; _module_preset=\u00a0\u00bbdefault\u00a0\u00bb module_alignment=\u00a0\u00bbcenter\u00a0\u00bb custom_margin=\u00a0\u00bb0px|0px|0px|0px|false|false\u00a0\u00bb custom_padding=\u00a0\u00bb0px|0px|0px|0px|false|false\u00a0\u00bb global_colors_info=\u00a0\u00bb{}\u00a0\u00bb][et_pb_column type=\u00a0\u00bb4_4&Prime; _builder_version=\u00a0\u00bb4.9.7&Prime; _module_preset=\u00a0\u00bbdefault\u00a0\u00bb global_colors_info=\u00a0\u00bb{}\u00a0\u00bb][et_pb_text admin_label=\u00a0\u00bbPlatinium\u00a0\u00bb _builder_version=\u00a0\u00bb4.13.0&Prime; _module_preset=\u00a0\u00bbdefault\u00a0\u00bb header_3_font=\u00a0\u00bb|600|||||||\u00a0\u00bb header_3_text_align=\u00a0\u00bbcenter\u00a0\u00bb custom_margin=\u00a0\u00bb0px|0px|0px|0px|false|false\u00a0\u00bb custom_padding=\u00a0\u00bb0px|0px|0px|0px|false|false\u00a0\u00bb global_colors_info=\u00a0\u00bb{}\u00a0\u00bb]<\/p>\n<h3>Sponsor Platinium<\/h3>\n<p>[\/et_pb_text][\/et_pb_column][\/et_pb_row][et_pb_row admin_label=\u00a0\u00bbPartenaires\u00a0\u00bb _builder_version=\u00a0\u00bb4.13.0&Prime; _module_preset=\u00a0\u00bbdefault\u00a0\u00bb module_alignment=\u00a0\u00bbcenter\u00a0\u00bb custom_margin=\u00a0\u00bb10px||70px||false|false\u00a0\u00bb custom_padding=\u00a0\u00bb40px|0px|0px|0px|false|false\u00a0\u00bb global_colors_info=\u00a0\u00bb{}\u00a0\u00bb][et_pb_column type=\u00a0\u00bb4_4&Prime; _builder_version=\u00a0\u00bb4.9.7&Prime; _module_preset=\u00a0\u00bbdefault\u00a0\u00bb global_colors_info=\u00a0\u00bb{}\u00a0\u00bb][et_pb_image src=\u00a0\u00bbhttps:\/\/apcal.lu\/wp-content\/uploads\/2021\/06\/sogelife.png\u00a0\u00bb alt=\u00a0\u00bbSogelife\u00a0\u00bb title_text=\u00a0\u00bbsogelife\u00a0\u00bb url=\u00a0\u00bbhttps:\/\/www.lamondiale.lu\u00a0\u00bb align=\u00a0\u00bbcenter\u00a0\u00bb admin_label=\u00a0\u00bbMondiale\u00a0\u00bb _builder_version=\u00a0\u00bb4.14.1&Prime; _module_preset=\u00a0\u00bbdefault\u00a0\u00bb border_radii=\u00a0\u00bbon|5px|5px|5px|5px\u00a0\u00bb box_shadow_style=\u00a0\u00bbpreset3&Prime; global_colors_info=\u00a0\u00bb{}\u00a0\u00bb][\/et_pb_image][\/et_pb_column][\/et_pb_row][et_pb_row _builder_version=\u00a0\u00bb4.9.7&Prime; _module_preset=\u00a0\u00bbdefault\u00a0\u00bb module_alignment=\u00a0\u00bbcenter\u00a0\u00bb custom_margin=\u00a0\u00bb0px|0px|0px|0px|false|false\u00a0\u00bb custom_padding=\u00a0\u00bb0px|0px|0px|0px|false|false\u00a0\u00bb global_colors_info=\u00a0\u00bb{}\u00a0\u00bb][et_pb_column type=\u00a0\u00bb4_4&Prime; _builder_version=\u00a0\u00bb4.9.7&Prime; _module_preset=\u00a0\u00bbdefault\u00a0\u00bb global_colors_info=\u00a0\u00bb{}\u00a0\u00bb][et_pb_text admin_label=\u00a0\u00bbGold\u00a0\u00bb _builder_version=\u00a0\u00bb4.11.1&Prime; _module_preset=\u00a0\u00bbdefault\u00a0\u00bb header_3_font=\u00a0\u00bb|600|||||||\u00a0\u00bb header_3_text_align=\u00a0\u00bbcenter\u00a0\u00bb custom_margin=\u00a0\u00bb0px|0px|0px|0px|false|false\u00a0\u00bb custom_padding=\u00a0\u00bb0px|0px|0px|0px|false|false\u00a0\u00bb global_colors_info=\u00a0\u00bb{}\u00a0\u00bb]<\/p>\n<h3>Sponsors Gold<\/h3>\n<p>[\/et_pb_text][\/et_pb_column][\/et_pb_row][et_pb_row column_structure=\u00a0\u00bb1_5,1_5,1_5,1_5,1_5&Prime; use_custom_gutter=\u00a0\u00bbon\u00a0\u00bb gutter_width=\u00a0\u00bb2&Prime; admin_label=\u00a0\u00bbPartenaires\u00a0\u00bb _builder_version=\u00a0\u00bb4.9.7&Prime; _module_preset=\u00a0\u00bbdefault\u00a0\u00bb custom_margin=\u00a0\u00bb10px||10px||false|false\u00a0\u00bb custom_padding=\u00a0\u00bb40px|0px|0px|0px|false|false\u00a0\u00bb global_colors_info=\u00a0\u00bb{}\u00a0\u00bb][et_pb_column type=\u00a0\u00bb1_5&Prime; _builder_version=\u00a0\u00bb4.9.7&Prime; _module_preset=\u00a0\u00bbdefault\u00a0\u00bb global_colors_info=\u00a0\u00bb{}\u00a0\u00bb][et_pb_image src=\u00a0\u00bbhttps:\/\/apcal.lu\/wp-content\/uploads\/2021\/09\/Mondiale-europartner.png\u00a0\u00bb alt=\u00a0\u00bbMondiale europartner\u00a0\u00bb title_text=\u00a0\u00bbMondiale-europartner\u00a0\u00bb url=\u00a0\u00bbhttps:\/\/www.lamondiale.lu\u00a0\u00bb admin_label=\u00a0\u00bbMondiale\u00a0\u00bb _builder_version=\u00a0\u00bb4.13.0&Prime; _module_preset=\u00a0\u00bbdefault\u00a0\u00bb border_radii=\u00a0\u00bbon|5px|5px|5px|5px\u00a0\u00bb box_shadow_style=\u00a0\u00bbpreset3&Prime; global_colors_info=\u00a0\u00bb{}\u00a0\u00bb][\/et_pb_image][\/et_pb_column][et_pb_column type=\u00a0\u00bb1_5&Prime; _builder_version=\u00a0\u00bb4.9.7&Prime; _module_preset=\u00a0\u00bbdefault\u00a0\u00bb global_colors_info=\u00a0\u00bb{}\u00a0\u00bb][et_pb_image src=\u00a0\u00bbhttps:\/\/apcal.lu\/wp-content\/uploads\/2021\/09\/aig-europe.png\u00a0\u00bb alt=\u00a0\u00bbAIG\u00a0\u00bb title_text=\u00a0\u00bbaig-europe\u00a0\u00bb url=\u00a0\u00bbhttp:\/\/www.aig.lu\/\u00a0\u00bb admin_label=\u00a0\u00bbAIG\u00a0\u00bb _builder_version=\u00a0\u00bb4.13.0&Prime; _module_preset=\u00a0\u00bbdefault\u00a0\u00bb border_radii=\u00a0\u00bbon|5px|5px|5px|5px\u00a0\u00bb box_shadow_style=\u00a0\u00bbpreset3&Prime; global_colors_info=\u00a0\u00bb{}\u00a0\u00bb][\/et_pb_image][\/et_pb_column][et_pb_column type=\u00a0\u00bb1_5&Prime; _builder_version=\u00a0\u00bb4.9.7&Prime; _module_preset=\u00a0\u00bbdefault\u00a0\u00bb global_colors_info=\u00a0\u00bb{}\u00a0\u00bb][et_pb_image src=\u00a0\u00bbhttps:\/\/apcal.lu\/wp-content\/uploads\/2021\/09\/allianz-Life-Luxembourg.png\u00a0\u00bb alt=\u00a0\u00bbAllianz\u00a0\u00bb title_text=\u00a0\u00bballianz-Life-Luxembourg\u00a0\u00bb url=\u00a0\u00bbhttp:\/\/www.allianz.lu\/\u00a0\u00bb admin_label=\u00a0\u00bbAllianze\u00a0\u00bb _builder_version=\u00a0\u00bb4.13.0&Prime; _module_preset=\u00a0\u00bbdefault\u00a0\u00bb border_radii=\u00a0\u00bbon|5px|5px|5px|5px\u00a0\u00bb box_shadow_style=\u00a0\u00bbpreset3&Prime; global_colors_info=\u00a0\u00bb{}\u00a0\u00bb][\/et_pb_image][\/et_pb_column][et_pb_column type=\u00a0\u00bb1_5&Prime; _builder_version=\u00a0\u00bb4.9.7&Prime; _module_preset=\u00a0\u00bbdefault\u00a0\u00bb global_colors_info=\u00a0\u00bb{}\u00a0\u00bb][et_pb_image src=\u00a0\u00bbhttps:\/\/apcal.lu\/wp-content\/uploads\/2021\/09\/arendt-medernach.png\u00a0\u00bb alt=\u00a0\u00bbarendt\u00a0\u00bb title_text=\u00a0\u00bbarendt-medernach\u00a0\u00bb url=\u00a0\u00bbhttps:\/\/www.arendt.com\/\u00a0\u00bb admin_label=\u00a0\u00bbArendt\u00a0\u00bb _builder_version=\u00a0\u00bb4.13.0&Prime; _module_preset=\u00a0\u00bbdefault\u00a0\u00bb border_radii=\u00a0\u00bbon|5px|5px|5px|5px\u00a0\u00bb box_shadow_style=\u00a0\u00bbpreset3&Prime; global_colors_info=\u00a0\u00bb{}\u00a0\u00bb][\/et_pb_image][\/et_pb_column][et_pb_column type=\u00a0\u00bb1_5&Prime; _builder_version=\u00a0\u00bb4.9.7&Prime; _module_preset=\u00a0\u00bbdefault\u00a0\u00bb global_colors_info=\u00a0\u00bb{}\u00a0\u00bb][et_pb_image src=\u00a0\u00bbhttps:\/\/apcal.lu\/wp-content\/uploads\/2021\/09\/cardif-lux-vie.png\u00a0\u00bb alt=\u00a0\u00bbcardif lux vie\u00a0\u00bb title_text=\u00a0\u00bbcardif-lux-vie\u00a0\u00bb url=\u00a0\u00bbhttps:\/\/cardifluxvie.com\/\u00a0\u00bb admin_label=\u00a0\u00bbCardif\u00a0\u00bb _builder_version=\u00a0\u00bb4.13.0&Prime; _module_preset=\u00a0\u00bbdefault\u00a0\u00bb border_radii=\u00a0\u00bbon|5px|5px|5px|5px\u00a0\u00bb box_shadow_style=\u00a0\u00bbpreset3&Prime; global_colors_info=\u00a0\u00bb{}\u00a0\u00bb][\/et_pb_image][\/et_pb_column][\/et_pb_row][et_pb_row column_structure=\u00a0\u00bb1_5,1_5,1_5,1_5,1_5&Prime; use_custom_gutter=\u00a0\u00bbon\u00a0\u00bb gutter_width=\u00a0\u00bb2&Prime; admin_label=\u00a0\u00bbPartenaires\u00a0\u00bb _builder_version=\u00a0\u00bb4.9.7&Prime; _module_preset=\u00a0\u00bbdefault\u00a0\u00bb custom_margin=\u00a0\u00bb10px||60px||false|false\u00a0\u00bb custom_padding=\u00a0\u00bb30px|0px|0px|0px|false|false\u00a0\u00bb global_colors_info=\u00a0\u00bb{}\u00a0\u00bb][et_pb_column type=\u00a0\u00bb1_5&Prime; _builder_version=\u00a0\u00bb4.9.7&Prime; _module_preset=\u00a0\u00bbdefault\u00a0\u00bb global_colors_info=\u00a0\u00bb{}\u00a0\u00bb][et_pb_image src=\u00a0\u00bbhttps:\/\/apcal.lu\/wp-content\/uploads\/2021\/09\/lalux-luxembourg.png\u00a0\u00bb alt=\u00a0\u00bbLalux\u00a0\u00bb title_text=\u00a0\u00bblalux-luxembourg\u00a0\u00bb url=\u00a0\u00bbhttps:\/\/www.lalux.lu\/fr\u00a0\u00bb admin_label=\u00a0\u00bbLalux\u00a0\u00bb _builder_version=\u00a0\u00bb4.13.0&Prime; _module_preset=\u00a0\u00bbdefault\u00a0\u00bb border_radii=\u00a0\u00bbon|5px|5px|5px|5px\u00a0\u00bb box_shadow_style=\u00a0\u00bbpreset3&Prime; global_colors_info=\u00a0\u00bb{}\u00a0\u00bb][\/et_pb_image][\/et_pb_column][et_pb_column type=\u00a0\u00bb1_5&Prime; _builder_version=\u00a0\u00bb4.9.7&Prime; _module_preset=\u00a0\u00bbdefault\u00a0\u00bb global_colors_info=\u00a0\u00bb{}\u00a0\u00bb][et_pb_image src=\u00a0\u00bbhttps:\/\/apcal.lu\/wp-content\/uploads\/2021\/09\/lombard-international-assurance.png\u00a0\u00bb alt=\u00a0\u00bblombard international assurance\u00a0\u00bb title_text=\u00a0\u00bblombard-international-assurance\u00a0\u00bb url=\u00a0\u00bbhttps:\/\/www.lombardinternational.com\/\u00a0\u00bb admin_label=\u00a0\u00bbLombard\u00a0\u00bb _builder_version=\u00a0\u00bb4.13.0&Prime; _module_preset=\u00a0\u00bbdefault\u00a0\u00bb border_radii=\u00a0\u00bbon|5px|5px|5px|5px\u00a0\u00bb box_shadow_style=\u00a0\u00bbpreset3&Prime; global_colors_info=\u00a0\u00bb{}\u00a0\u00bb][\/et_pb_image][\/et_pb_column][et_pb_column type=\u00a0\u00bb1_5&Prime; _builder_version=\u00a0\u00bb4.9.7&Prime; _module_preset=\u00a0\u00bbdefault\u00a0\u00bb global_colors_info=\u00a0\u00bb{}\u00a0\u00bb][et_pb_image src=\u00a0\u00bbhttps:\/\/apcal.lu\/wp-content\/uploads\/2021\/09\/pwc-luxembourg.png\u00a0\u00bb alt=\u00a0\u00bbpwc\u00a0\u00bb title_text=\u00a0\u00bbpwc-luxembourg\u00a0\u00bb url=\u00a0\u00bbhttps:\/\/www.pwc.lu\/\u00a0\u00bb admin_label=\u00a0\u00bbPWC\u00a0\u00bb _builder_version=\u00a0\u00bb4.13.0&Prime; _module_preset=\u00a0\u00bbdefault\u00a0\u00bb border_radii=\u00a0\u00bbon|5px|5px|5px|5px\u00a0\u00bb box_shadow_style=\u00a0\u00bbpreset3&Prime; global_colors_info=\u00a0\u00bb{}\u00a0\u00bb][\/et_pb_image][\/et_pb_column][et_pb_column type=\u00a0\u00bb1_5&Prime; _builder_version=\u00a0\u00bb4.9.7&Prime; _module_preset=\u00a0\u00bbdefault\u00a0\u00bb global_colors_info=\u00a0\u00bb{}\u00a0\u00bb][et_pb_image src=\u00a0\u00bbhttps:\/\/apcal.lu\/wp-content\/uploads\/2021\/09\/axa-luxembourg.png\u00a0\u00bb alt=\u00a0\u00bbaxa\u00a0\u00bb title_text=\u00a0\u00bbaxa-luxembourg\u00a0\u00bb url=\u00a0\u00bbhttp:\/\/www.axa.lu\/\u00a0\u00bb admin_label=\u00a0\u00bbAxa\u00a0\u00bb _builder_version=\u00a0\u00bb4.13.0&Prime; _module_preset=\u00a0\u00bbdefault\u00a0\u00bb border_radii=\u00a0\u00bbon|5px|5px|5px|5px\u00a0\u00bb box_shadow_style=\u00a0\u00bbpreset3&Prime; global_colors_info=\u00a0\u00bb{}\u00a0\u00bb][\/et_pb_image][\/et_pb_column][et_pb_column type=\u00a0\u00bb1_5&Prime; _builder_version=\u00a0\u00bb4.9.7&Prime; _module_preset=\u00a0\u00bbdefault\u00a0\u00bb global_colors_info=\u00a0\u00bb{}\u00a0\u00bb][\/et_pb_column][\/et_pb_row][et_pb_row _builder_version=\u00a0\u00bb4.9.7&Prime; _module_preset=\u00a0\u00bbdefault\u00a0\u00bb module_alignment=\u00a0\u00bbcenter\u00a0\u00bb global_colors_info=\u00a0\u00bb{}\u00a0\u00bb][et_pb_column type=\u00a0\u00bb4_4&Prime; _builder_version=\u00a0\u00bb4.9.7&Prime; _module_preset=\u00a0\u00bbdefault\u00a0\u00bb global_colors_info=\u00a0\u00bb{}\u00a0\u00bb][et_pb_text admin_label=\u00a0\u00bbSilver\u00a0\u00bb _builder_version=\u00a0\u00bb4.9.7&Prime; _module_preset=\u00a0\u00bbdefault\u00a0\u00bb header_3_text_align=\u00a0\u00bbcenter\u00a0\u00bb header_3_font_size=\u00a0\u00bb20px\u00a0\u00bb custom_margin=\u00a0\u00bb0px|0px|0px|0px|false|false\u00a0\u00bb custom_padding=\u00a0\u00bb0px|0px|0px|0px|false|false\u00a0\u00bb global_colors_info=\u00a0\u00bb{}\u00a0\u00bb]<\/p>\n<h3>Sponsors Silver<\/h3>\n<p>[\/et_pb_text][\/et_pb_column][\/et_pb_row][et_pb_row column_structure=\u00a0\u00bb1_4,1_4,1_4,1_4&Prime; use_custom_gutter=\u00a0\u00bbon\u00a0\u00bb gutter_width=\u00a0\u00bb2&Prime; admin_label=\u00a0\u00bbPartenaires\u00a0\u00bb _builder_version=\u00a0\u00bb4.9.7&Prime; _module_preset=\u00a0\u00bbdefault\u00a0\u00bb custom_margin=\u00a0\u00bb10px||10px||false|false\u00a0\u00bb custom_padding=\u00a0\u00bb30px|0px|0px|0px|false|false\u00a0\u00bb global_colors_info=\u00a0\u00bb{}\u00a0\u00bb][et_pb_column type=\u00a0\u00bb1_4&Prime; _builder_version=\u00a0\u00bb4.9.7&Prime; _module_preset=\u00a0\u00bbdefault\u00a0\u00bb global_colors_info=\u00a0\u00bb{}\u00a0\u00bb][et_pb_image src=\u00a0\u00bbhttps:\/\/apcal.lu\/wp-content\/uploads\/2021\/09\/baloise-assurances-luxembourg.png\u00a0\u00bb alt=\u00a0\u00bbBaloise\u00a0\u00bb title_text=\u00a0\u00bbbaloise-assurances-luxembourg\u00a0\u00bb url=\u00a0\u00bbhttp:\/\/www.baloise.lu\/\u00a0\u00bb admin_label=\u00a0\u00bbBaloise\u00a0\u00bb _builder_version=\u00a0\u00bb4.13.0&Prime; _module_preset=\u00a0\u00bbdefault\u00a0\u00bb width=\u00a0\u00bb70%\u00a0\u00bb module_alignment=\u00a0\u00bbcenter\u00a0\u00bb border_radii=\u00a0\u00bbon|5px|5px|5px|5px\u00a0\u00bb box_shadow_style=\u00a0\u00bbpreset3&Prime; global_colors_info=\u00a0\u00bb{}\u00a0\u00bb][\/et_pb_image][\/et_pb_column][et_pb_column type=\u00a0\u00bb1_4&Prime; _builder_version=\u00a0\u00bb4.9.7&Prime; _module_preset=\u00a0\u00bbdefault\u00a0\u00bb global_colors_info=\u00a0\u00bb{}\u00a0\u00bb][et_pb_image src=\u00a0\u00bbhttps:\/\/apcal.lu\/wp-content\/uploads\/2021\/09\/cnp-luxembourg.jpg\u00a0\u00bb alt=\u00a0\u00bbCNP Luxembourg\u00a0\u00bb title_text=\u00a0\u00bbcnp-luxembourg\u00a0\u00bb url=\u00a0\u00bbhttps:\/\/www.cnpluxembourg.lu\/\u00a0\u00bb admin_label=\u00a0\u00bbCNP\u00a0\u00bb _builder_version=\u00a0\u00bb4.13.0&Prime; _module_preset=\u00a0\u00bbdefault\u00a0\u00bb width=\u00a0\u00bb70%\u00a0\u00bb module_alignment=\u00a0\u00bbcenter\u00a0\u00bb border_radii=\u00a0\u00bbon|5px|5px|5px|5px\u00a0\u00bb box_shadow_style=\u00a0\u00bbpreset3&Prime; global_colors_info=\u00a0\u00bb{}\u00a0\u00bb][\/et_pb_image][\/et_pb_column][et_pb_column type=\u00a0\u00bb1_4&Prime; _builder_version=\u00a0\u00bb4.9.7&Prime; _module_preset=\u00a0\u00bbdefault\u00a0\u00bb global_colors_info=\u00a0\u00bb{}\u00a0\u00bb][et_pb_image src=\u00a0\u00bbhttps:\/\/apcal.lu\/wp-content\/uploads\/2021\/09\/vitis-life.png\u00a0\u00bb alt=\u00a0\u00bbVitis Life\u00a0\u00bb title_text=\u00a0\u00bbvitis-life\u00a0\u00bb url=\u00a0\u00bbhttps:\/\/www.vitislife.com\/\u00a0\u00bb admin_label=\u00a0\u00bbvitislife\u00a0\u00bb _builder_version=\u00a0\u00bb4.13.0&Prime; _module_preset=\u00a0\u00bbdefault\u00a0\u00bb width=\u00a0\u00bb70%\u00a0\u00bb module_alignment=\u00a0\u00bbcenter\u00a0\u00bb border_radii=\u00a0\u00bbon|5px|5px|5px|5px\u00a0\u00bb box_shadow_style=\u00a0\u00bbpreset3&Prime; global_colors_info=\u00a0\u00bb{}\u00a0\u00bb][\/et_pb_image][\/et_pb_column][et_pb_column type=\u00a0\u00bb1_4&Prime; _builder_version=\u00a0\u00bb4.9.7&Prime; _module_preset=\u00a0\u00bbdefault\u00a0\u00bb global_colors_info=\u00a0\u00bb{}\u00a0\u00bb][et_pb_image src=\u00a0\u00bbhttps:\/\/apcal.lu\/wp-content\/uploads\/2021\/09\/foyer.png\u00a0\u00bb alt=\u00a0\u00bbFoyer\u00a0\u00bb title_text=\u00a0\u00bbvitis-life\u00a0\u00bb url=\u00a0\u00bbhttps:\/\/www.foyer.lu\/\u00a0\u00bb admin_label=\u00a0\u00bbFoyer\u00a0\u00bb _builder_version=\u00a0\u00bb4.13.0&Prime; _module_preset=\u00a0\u00bbdefault\u00a0\u00bb width=\u00a0\u00bb70%\u00a0\u00bb module_alignment=\u00a0\u00bbcenter\u00a0\u00bb border_radii=\u00a0\u00bbon|5px|5px|5px|5px\u00a0\u00bb box_shadow_style=\u00a0\u00bbpreset3&Prime; global_colors_info=\u00a0\u00bb{}\u00a0\u00bb][\/et_pb_image][\/et_pb_column][\/et_pb_row][\/et_pb_section]<\/p>\n","protected":false},"excerpt":{"rendered":"<p>Soir\u00e9e du courtage APCAL du 29 octobre 2020 : les sessions vid\u00e9osAssurance et Covid-19Sessions th\u00e9matiques 17.00 MOT DE BIENVENUE Mr. Marco Caldana, Pr\u00e9sident sortant de l\u2019APCAL Mme Catherine Lesourd, Nouveau Pr\u00e9sident de l\u2019APCAL 17.10\u00a0INTRODUCTIONMr. Claude Wirion, Directeur du Comit\u00e9 de Direc=on, CAA 17.30\u00a0PANEL DE DISCUSSION SUR L\u2019IMPACT DU COVID-19 SUR LES ACTEURS (COURTIERS, ASSUREURS) Mod\u00e9rateur [&hellip;]<\/p>\n","protected":false},"author":156,"featured_media":360,"comment_status":"closed","ping_status":"closed","sticky":false,"template":"","format":"standard","meta":{"_et_pb_use_builder":"on","_et_pb_old_content":"","_et_gb_content_width":"","footnotes":""},"categories":[30],"tags":[],"class_list":["post-357","post","type-post","status-publish","format-standard","has-post-thumbnail","hentry","category-event"],"yoast_head":"<!-- This site is optimized with the Yoast SEO plugin v26.7 - https:\/\/yoast.com\/wordpress\/plugins\/seo\/ -->\n<title>Soir\u00e9e du courtage - sessions vid\u00e9os - 29 octobre 2020 - Apcal<\/title>\n<meta name=\"robots\" content=\"index, follow, max-snippet:-1, max-image-preview:large, max-video-preview:-1\" \/>\n<link rel=\"canonical\" href=\"https:\/\/apcal.lu\/fr\/soiree-du-courtage-sessions-videos-29-octobre-2020\/\" \/>\n<meta property=\"og:locale\" content=\"fr_FR\" \/>\n<meta property=\"og:type\" content=\"article\" \/>\n<meta property=\"og:title\" content=\"Soir\u00e9e du courtage - sessions vid\u00e9os - 29 octobre 2020 - Apcal\" \/>\n<meta property=\"og:description\" content=\"Soir\u00e9e du courtage APCAL du 29 octobre 2020 : les sessions vid\u00e9osAssurance et Covid-19Sessions th\u00e9matiques 17.00 MOT DE BIENVENUE Mr. Marco Caldana, Pr\u00e9sident sortant de l\u2019APCAL Mme Catherine Lesourd, Nouveau Pr\u00e9sident de l\u2019APCAL 17.10\u00a0INTRODUCTIONMr. Claude Wirion, Directeur du Comit\u00e9 de Direc=on, CAA 17.30\u00a0PANEL DE DISCUSSION SUR L\u2019IMPACT DU COVID-19 SUR LES ACTEURS (COURTIERS, ASSUREURS) Mod\u00e9rateur [&hellip;]\" \/>\n<meta property=\"og:url\" content=\"https:\/\/apcal.lu\/fr\/soiree-du-courtage-sessions-videos-29-octobre-2020\/\" \/>\n<meta property=\"og:site_name\" content=\"Apcal\" \/>\n<meta property=\"article:published_time\" content=\"2020-09-29T07:30:34+00:00\" \/>\n<meta property=\"article:modified_time\" content=\"2022-01-14T10:12:36+00:00\" \/>\n<meta property=\"og:image\" content=\"https:\/\/apcal.lu\/wp-content\/uploads\/2021\/09\/soiree-courtage-apcal-960x593-1.jpg\" \/>\n\t<meta property=\"og:image:width\" content=\"960\" \/>\n\t<meta property=\"og:image:height\" content=\"593\" \/>\n\t<meta property=\"og:image:type\" content=\"image\/jpeg\" \/>\n<meta name=\"author\" content=\"Val\u00e9rie Pierre\" \/>\n<meta name=\"twitter:card\" content=\"summary_large_image\" \/>\n<meta name=\"twitter:label1\" content=\"\u00c9crit par\" \/>\n\t<meta name=\"twitter:data1\" content=\"Val\u00e9rie Pierre\" \/>\n\t<meta name=\"twitter:label2\" content=\"Dur\u00e9e de lecture estim\u00e9e\" \/>\n\t<meta name=\"twitter:data2\" content=\"14 minutes\" \/>\n<script type=\"application\/ld+json\" class=\"yoast-schema-graph\">{\"@context\":\"https:\/\/schema.org\",\"@graph\":[{\"@type\":\"Article\",\"@id\":\"https:\/\/apcal.lu\/fr\/soiree-du-courtage-sessions-videos-29-octobre-2020\/#article\",\"isPartOf\":{\"@id\":\"https:\/\/apcal.lu\/fr\/soiree-du-courtage-sessions-videos-29-octobre-2020\/\"},\"author\":{\"name\":\"Val\u00e9rie Pierre\",\"@id\":\"https:\/\/apcal.lu\/fr\/#\/schema\/person\/078c317aaf69a53a0d76ccc89b6abe52\"},\"headline\":\"Soir\u00e9e du courtage &#8211; sessions vid\u00e9os &#8211; 29 octobre 2020\",\"datePublished\":\"2020-09-29T07:30:34+00:00\",\"dateModified\":\"2022-01-14T10:12:36+00:00\",\"mainEntityOfPage\":{\"@id\":\"https:\/\/apcal.lu\/fr\/soiree-du-courtage-sessions-videos-29-octobre-2020\/\"},\"wordCount\":2723,\"image\":{\"@id\":\"https:\/\/apcal.lu\/fr\/soiree-du-courtage-sessions-videos-29-octobre-2020\/#primaryimage\"},\"thumbnailUrl\":\"https:\/\/apcal.lu\/wp-content\/uploads\/2021\/09\/soiree-courtage-apcal-960x593-1.jpg\",\"articleSection\":[\"Event\"],\"inLanguage\":\"fr-FR\"},{\"@type\":\"WebPage\",\"@id\":\"https:\/\/apcal.lu\/fr\/soiree-du-courtage-sessions-videos-29-octobre-2020\/\",\"url\":\"https:\/\/apcal.lu\/fr\/soiree-du-courtage-sessions-videos-29-octobre-2020\/\",\"name\":\"Soir\u00e9e du courtage - sessions vid\u00e9os - 29 octobre 2020 - Apcal\",\"isPartOf\":{\"@id\":\"https:\/\/apcal.lu\/fr\/#website\"},\"primaryImageOfPage\":{\"@id\":\"https:\/\/apcal.lu\/fr\/soiree-du-courtage-sessions-videos-29-octobre-2020\/#primaryimage\"},\"image\":{\"@id\":\"https:\/\/apcal.lu\/fr\/soiree-du-courtage-sessions-videos-29-octobre-2020\/#primaryimage\"},\"thumbnailUrl\":\"https:\/\/apcal.lu\/wp-content\/uploads\/2021\/09\/soiree-courtage-apcal-960x593-1.jpg\",\"datePublished\":\"2020-09-29T07:30:34+00:00\",\"dateModified\":\"2022-01-14T10:12:36+00:00\",\"author\":{\"@id\":\"https:\/\/apcal.lu\/fr\/#\/schema\/person\/078c317aaf69a53a0d76ccc89b6abe52\"},\"breadcrumb\":{\"@id\":\"https:\/\/apcal.lu\/fr\/soiree-du-courtage-sessions-videos-29-octobre-2020\/#breadcrumb\"},\"inLanguage\":\"fr-FR\",\"potentialAction\":[{\"@type\":\"ReadAction\",\"target\":[\"https:\/\/apcal.lu\/fr\/soiree-du-courtage-sessions-videos-29-octobre-2020\/\"]}]},{\"@type\":\"ImageObject\",\"inLanguage\":\"fr-FR\",\"@id\":\"https:\/\/apcal.lu\/fr\/soiree-du-courtage-sessions-videos-29-octobre-2020\/#primaryimage\",\"url\":\"https:\/\/apcal.lu\/wp-content\/uploads\/2021\/09\/soiree-courtage-apcal-960x593-1.jpg\",\"contentUrl\":\"https:\/\/apcal.lu\/wp-content\/uploads\/2021\/09\/soiree-courtage-apcal-960x593-1.jpg\",\"width\":960,\"height\":593,\"caption\":\"Soir\u00e9e du courtage - sessions vid\u00e9os\"},{\"@type\":\"BreadcrumbList\",\"@id\":\"https:\/\/apcal.lu\/fr\/soiree-du-courtage-sessions-videos-29-octobre-2020\/#breadcrumb\",\"itemListElement\":[{\"@type\":\"ListItem\",\"position\":1,\"name\":\"Accueil\",\"item\":\"https:\/\/apcal.lu\/fr\/\"},{\"@type\":\"ListItem\",\"position\":2,\"name\":\"Soir\u00e9e du courtage &#8211; sessions vid\u00e9os &#8211; 29 octobre 2020\"}]},{\"@type\":\"WebSite\",\"@id\":\"https:\/\/apcal.lu\/fr\/#website\",\"url\":\"https:\/\/apcal.lu\/fr\/\",\"name\":\"Apcal\",\"description\":\"Association des courtiers en assurance du Luxembourg\",\"potentialAction\":[{\"@type\":\"SearchAction\",\"target\":{\"@type\":\"EntryPoint\",\"urlTemplate\":\"https:\/\/apcal.lu\/fr\/?s={search_term_string}\"},\"query-input\":{\"@type\":\"PropertyValueSpecification\",\"valueRequired\":true,\"valueName\":\"search_term_string\"}}],\"inLanguage\":\"fr-FR\"},{\"@type\":\"Person\",\"@id\":\"https:\/\/apcal.lu\/fr\/#\/schema\/person\/078c317aaf69a53a0d76ccc89b6abe52\",\"name\":\"Val\u00e9rie Pierre\",\"image\":{\"@type\":\"ImageObject\",\"inLanguage\":\"fr-FR\",\"@id\":\"https:\/\/apcal.lu\/fr\/#\/schema\/person\/image\/\",\"url\":\"https:\/\/secure.gravatar.com\/avatar\/7592ed2431f48da31f401cb7fede6b8a86bf2999b40fe3c460dbca72217cb305?s=96&d=mm&r=g\",\"contentUrl\":\"https:\/\/secure.gravatar.com\/avatar\/7592ed2431f48da31f401cb7fede6b8a86bf2999b40fe3c460dbca72217cb305?s=96&d=mm&r=g\",\"caption\":\"Val\u00e9rie Pierre\"},\"url\":\"https:\/\/apcal.lu\/fr\/author\/vpierre\/\"}]}<\/script>\n<!-- \/ Yoast SEO plugin. -->","yoast_head_json":{"title":"Soir\u00e9e du courtage - sessions vid\u00e9os - 29 octobre 2020 - Apcal","robots":{"index":"index","follow":"follow","max-snippet":"max-snippet:-1","max-image-preview":"max-image-preview:large","max-video-preview":"max-video-preview:-1"},"canonical":"https:\/\/apcal.lu\/fr\/soiree-du-courtage-sessions-videos-29-octobre-2020\/","og_locale":"fr_FR","og_type":"article","og_title":"Soir\u00e9e du courtage - sessions vid\u00e9os - 29 octobre 2020 - Apcal","og_description":"Soir\u00e9e du courtage APCAL du 29 octobre 2020 : les sessions vid\u00e9osAssurance et Covid-19Sessions th\u00e9matiques 17.00 MOT DE BIENVENUE Mr. Marco Caldana, Pr\u00e9sident sortant de l\u2019APCAL Mme Catherine Lesourd, Nouveau Pr\u00e9sident de l\u2019APCAL 17.10\u00a0INTRODUCTIONMr. Claude Wirion, Directeur du Comit\u00e9 de Direc=on, CAA 17.30\u00a0PANEL DE DISCUSSION SUR L\u2019IMPACT DU COVID-19 SUR LES ACTEURS (COURTIERS, ASSUREURS) Mod\u00e9rateur [&hellip;]","og_url":"https:\/\/apcal.lu\/fr\/soiree-du-courtage-sessions-videos-29-octobre-2020\/","og_site_name":"Apcal","article_published_time":"2020-09-29T07:30:34+00:00","article_modified_time":"2022-01-14T10:12:36+00:00","og_image":[{"width":960,"height":593,"url":"https:\/\/apcal.lu\/wp-content\/uploads\/2021\/09\/soiree-courtage-apcal-960x593-1.jpg","type":"image\/jpeg"}],"author":"Val\u00e9rie Pierre","twitter_card":"summary_large_image","twitter_misc":{"\u00c9crit par":"Val\u00e9rie Pierre","Dur\u00e9e de lecture estim\u00e9e":"14 minutes"},"schema":{"@context":"https:\/\/schema.org","@graph":[{"@type":"Article","@id":"https:\/\/apcal.lu\/fr\/soiree-du-courtage-sessions-videos-29-octobre-2020\/#article","isPartOf":{"@id":"https:\/\/apcal.lu\/fr\/soiree-du-courtage-sessions-videos-29-octobre-2020\/"},"author":{"name":"Val\u00e9rie Pierre","@id":"https:\/\/apcal.lu\/fr\/#\/schema\/person\/078c317aaf69a53a0d76ccc89b6abe52"},"headline":"Soir\u00e9e du courtage &#8211; sessions vid\u00e9os &#8211; 29 octobre 2020","datePublished":"2020-09-29T07:30:34+00:00","dateModified":"2022-01-14T10:12:36+00:00","mainEntityOfPage":{"@id":"https:\/\/apcal.lu\/fr\/soiree-du-courtage-sessions-videos-29-octobre-2020\/"},"wordCount":2723,"image":{"@id":"https:\/\/apcal.lu\/fr\/soiree-du-courtage-sessions-videos-29-octobre-2020\/#primaryimage"},"thumbnailUrl":"https:\/\/apcal.lu\/wp-content\/uploads\/2021\/09\/soiree-courtage-apcal-960x593-1.jpg","articleSection":["Event"],"inLanguage":"fr-FR"},{"@type":"WebPage","@id":"https:\/\/apcal.lu\/fr\/soiree-du-courtage-sessions-videos-29-octobre-2020\/","url":"https:\/\/apcal.lu\/fr\/soiree-du-courtage-sessions-videos-29-octobre-2020\/","name":"Soir\u00e9e du courtage - sessions vid\u00e9os - 29 octobre 2020 - Apcal","isPartOf":{"@id":"https:\/\/apcal.lu\/fr\/#website"},"primaryImageOfPage":{"@id":"https:\/\/apcal.lu\/fr\/soiree-du-courtage-sessions-videos-29-octobre-2020\/#primaryimage"},"image":{"@id":"https:\/\/apcal.lu\/fr\/soiree-du-courtage-sessions-videos-29-octobre-2020\/#primaryimage"},"thumbnailUrl":"https:\/\/apcal.lu\/wp-content\/uploads\/2021\/09\/soiree-courtage-apcal-960x593-1.jpg","datePublished":"2020-09-29T07:30:34+00:00","dateModified":"2022-01-14T10:12:36+00:00","author":{"@id":"https:\/\/apcal.lu\/fr\/#\/schema\/person\/078c317aaf69a53a0d76ccc89b6abe52"},"breadcrumb":{"@id":"https:\/\/apcal.lu\/fr\/soiree-du-courtage-sessions-videos-29-octobre-2020\/#breadcrumb"},"inLanguage":"fr-FR","potentialAction":[{"@type":"ReadAction","target":["https:\/\/apcal.lu\/fr\/soiree-du-courtage-sessions-videos-29-octobre-2020\/"]}]},{"@type":"ImageObject","inLanguage":"fr-FR","@id":"https:\/\/apcal.lu\/fr\/soiree-du-courtage-sessions-videos-29-octobre-2020\/#primaryimage","url":"https:\/\/apcal.lu\/wp-content\/uploads\/2021\/09\/soiree-courtage-apcal-960x593-1.jpg","contentUrl":"https:\/\/apcal.lu\/wp-content\/uploads\/2021\/09\/soiree-courtage-apcal-960x593-1.jpg","width":960,"height":593,"caption":"Soir\u00e9e du courtage - sessions vid\u00e9os"},{"@type":"BreadcrumbList","@id":"https:\/\/apcal.lu\/fr\/soiree-du-courtage-sessions-videos-29-octobre-2020\/#breadcrumb","itemListElement":[{"@type":"ListItem","position":1,"name":"Accueil","item":"https:\/\/apcal.lu\/fr\/"},{"@type":"ListItem","position":2,"name":"Soir\u00e9e du courtage &#8211; sessions vid\u00e9os &#8211; 29 octobre 2020"}]},{"@type":"WebSite","@id":"https:\/\/apcal.lu\/fr\/#website","url":"https:\/\/apcal.lu\/fr\/","name":"Apcal","description":"Association des courtiers en assurance du Luxembourg","potentialAction":[{"@type":"SearchAction","target":{"@type":"EntryPoint","urlTemplate":"https:\/\/apcal.lu\/fr\/?s={search_term_string}"},"query-input":{"@type":"PropertyValueSpecification","valueRequired":true,"valueName":"search_term_string"}}],"inLanguage":"fr-FR"},{"@type":"Person","@id":"https:\/\/apcal.lu\/fr\/#\/schema\/person\/078c317aaf69a53a0d76ccc89b6abe52","name":"Val\u00e9rie Pierre","image":{"@type":"ImageObject","inLanguage":"fr-FR","@id":"https:\/\/apcal.lu\/fr\/#\/schema\/person\/image\/","url":"https:\/\/secure.gravatar.com\/avatar\/7592ed2431f48da31f401cb7fede6b8a86bf2999b40fe3c460dbca72217cb305?s=96&d=mm&r=g","contentUrl":"https:\/\/secure.gravatar.com\/avatar\/7592ed2431f48da31f401cb7fede6b8a86bf2999b40fe3c460dbca72217cb305?s=96&d=mm&r=g","caption":"Val\u00e9rie Pierre"},"url":"https:\/\/apcal.lu\/fr\/author\/vpierre\/"}]}},"publishpress_future_action":{"enabled":false,"date":"2026-05-04 13:14:04","action":"change-status","newStatus":"trash","terms":[],"taxonomy":"category","extraData":[]},"publishpress_future_workflow_manual_trigger":{"enabledWorkflows":[]},"_links":{"self":[{"href":"https:\/\/apcal.lu\/fr\/wp-json\/wp\/v2\/posts\/357","targetHints":{"allow":["GET"]}}],"collection":[{"href":"https:\/\/apcal.lu\/fr\/wp-json\/wp\/v2\/posts"}],"about":[{"href":"https:\/\/apcal.lu\/fr\/wp-json\/wp\/v2\/types\/post"}],"author":[{"embeddable":true,"href":"https:\/\/apcal.lu\/fr\/wp-json\/wp\/v2\/users\/156"}],"replies":[{"embeddable":true,"href":"https:\/\/apcal.lu\/fr\/wp-json\/wp\/v2\/comments?post=357"}],"version-history":[{"count":12,"href":"https:\/\/apcal.lu\/fr\/wp-json\/wp\/v2\/posts\/357\/revisions"}],"predecessor-version":[{"id":2952,"href":"https:\/\/apcal.lu\/fr\/wp-json\/wp\/v2\/posts\/357\/revisions\/2952"}],"wp:featuredmedia":[{"embeddable":true,"href":"https:\/\/apcal.lu\/fr\/wp-json\/wp\/v2\/media\/360"}],"wp:attachment":[{"href":"https:\/\/apcal.lu\/fr\/wp-json\/wp\/v2\/media?parent=357"}],"wp:term":[{"taxonomy":"category","embeddable":true,"href":"https:\/\/apcal.lu\/fr\/wp-json\/wp\/v2\/categories?post=357"},{"taxonomy":"post_tag","embeddable":true,"href":"https:\/\/apcal.lu\/fr\/wp-json\/wp\/v2\/tags?post=357"}],"curies":[{"name":"wp","href":"https:\/\/api.w.org\/{rel}","templated":true}]}}