{"id":2529,"date":"2019-10-05T17:44:29","date_gmt":"2019-10-05T15:44:29","guid":{"rendered":"https:\/\/web.apcal.lu\/?p=2529"},"modified":"2022-01-14T11:13:03","modified_gmt":"2022-01-14T10:13:03","slug":"apcal-5eme-journee-du-courtage-3-octobre-2019","status":"publish","type":"post","link":"https:\/\/apcal.lu\/fr\/apcal-5eme-journee-du-courtage-3-octobre-2019\/","title":{"rendered":"APCAL 5\u00e8me journ\u00e9e du courtage : 3 octobre 2019"},"content":{"rendered":"<p>[et_pb_section fb_built=\u00a0\u00bb1&Prime; _builder_version=\u00a0\u00bb4.9.7&Prime; _module_preset=\u00a0\u00bbdefault\u00a0\u00bb global_colors_info=\u00a0\u00bb{}\u00a0\u00bb][et_pb_row _builder_version=\u00a0\u00bb4.9.7&Prime; _module_preset=\u00a0\u00bbdefault\u00a0\u00bb min_height=\u00a0\u00bb899.7px\u00a0\u00bb custom_margin=\u00a0\u00bb||0px||false|false\u00a0\u00bb custom_padding=\u00a0\u00bb||0px||false|false\u00a0\u00bb global_colors_info=\u00a0\u00bb{}\u00a0\u00bb][et_pb_column type=\u00a0\u00bb4_4&Prime; _builder_version=\u00a0\u00bb4.9.7&Prime; _module_preset=\u00a0\u00bbdefault\u00a0\u00bb global_colors_info=\u00a0\u00bb{}\u00a0\u00bb][et_pb_text _builder_version=\u00a0\u00bb4.9.7&Prime; _module_preset=\u00a0\u00bbdefault\u00a0\u00bb header_font=\u00a0\u00bb||||||||\u00a0\u00bb header_2_font=\u00a0\u00bb|||on|||||\u00a0\u00bb header_2_line_height=\u00a0\u00bb1.2em\u00a0\u00bb header_3_text_color=\u00a0\u00bb#C2974C\u00a0\u00bb header_3_font_size=\u00a0\u00bb20px\u00a0\u00bb header_3_line_height=\u00a0\u00bb1.4em\u00a0\u00bb custom_margin=\u00a0\u00bb||20px||false|false\u00a0\u00bb border_color_bottom=\u00a0\u00bb#7886A2&Prime; global_colors_info=\u00a0\u00bb{}\u00a0\u00bb]<\/p>\n<h2>Modern tools for Insurance and Brexit experiences<\/h2>\n<h3>Retrouvez\u00a0 le programme de la journ\u00e9e de courtage 2019 au format PDF contenant\u00a0le planning de la rencontre,\u00a0une pr\u00e9sentation d\u00e9taill\u00e9e de chaque intervenant, la\u00a0galerie photos\u00a0et les\u00a0pr\u00e9sentations Power Point.<\/h3>\n<p>[\/et_pb_text][et_pb_divider color=\u00a0\u00bbrgba(120,134,162,0.3)\u00a0\u00bb _builder_version=\u00a0\u00bb4.9.7&Prime; _module_preset=\u00a0\u00bbdefault\u00a0\u00bb width=\u00a0\u00bb30%\u00a0\u00bb module_alignment=\u00a0\u00bbcenter\u00a0\u00bb global_colors_info=\u00a0\u00bb{}\u00a0\u00bb][\/et_pb_divider][et_pb_text _builder_version=\u00a0\u00bb4.9.7&Prime; _module_preset=\u00a0\u00bbdefault\u00a0\u00bb header_2_font=\u00a0\u00bb||||||||\u00a0\u00bb header_2_text_color=\u00a0\u00bb#C2974C\u00a0\u00bb header_2_font_size=\u00a0\u00bb20px\u00a0\u00bb header_2_line_height=\u00a0\u00bb1.3em\u00a0\u00bb global_colors_info=\u00a0\u00bb{}\u00a0\u00bb]<\/p>\n<h3>Programme de la journ\u00e9e :<\/h3>\n<p>S\u00e9ance d\u2019ouverture par Mr Marco Caldana, President, APCAL<\/p>\n<p>Pr\u00e9sentation : \u00abFit &amp; Proper courtier\u00bb par Mr Claude Wirion, Pr\u00e9sident du Comit\u00e9 de Direction, CAA.<\/p>\n<p>[\/et_pb_text][et_pb_text _builder_version=\u00a0\u00bb4.9.7&Prime; _module_preset=\u00a0\u00bbdefault\u00a0\u00bb global_colors_info=\u00a0\u00bb{}\u00a0\u00bb]<\/p>\n<h3>Th\u00e8me<\/h3>\n<ul>\n<li>Insurance digital transformation<\/li>\n<li>Electronic Signature<\/li>\n<li>Modern Investment tools<\/li>\n<li>Brexiters experience sharing<\/li>\n<li>A digitalization example : an IDD Tool<\/li>\n<li>Insurtech: use of APIs for life and non-life insurance<\/li>\n<li>The future of Insurance<\/li>\n<\/ul>\n<h3>Documents \u00e0 t\u00e9l\u00e9charger<\/h3>\n<ul>\n<li><a href=\"https:\/\/apcal.lu\/wp-content\/uploads\/2019\/10\/Website-Agenda-APCAL-Brokerage-Day-2019.pdf\">Agenda APCAL Brokerage day 2019<\/a> (PDF)<\/li>\n<\/ul>\n<ul>\n<li><a href=\"https:\/\/apcal.lu\/wp-content\/uploads\/2019\/10\/APCAL-Brokerage-day19_-Insurance-digital-transformation-AXA.pdf\">Insurance digital transformation \u2013 AXA<\/a> (PDF)<\/li>\n<\/ul>\n<h3>Sessions th\u00e9matiques : signature \u00e9lectronique<\/h3>\n<ul>\n<li><a href=\"https:\/\/apcal.lu\/wp-content\/uploads\/2019\/10\/APCAL-Brokerage-day-2019-Signature-Electronique.pptx\">panel signature \u00e9lectronique<\/a> (Power Point)<\/li>\n<li><a href=\"https:\/\/apcal.lu\/wp-content\/uploads\/2019\/10\/APCAL-Brokerage-Day19_Panel-Signature-Electronique-Foyer.pdf\">signature \u00e9lectronique FOYER<\/a> (PDF)<\/li>\n<\/ul>\n<p>[\/et_pb_text][et_pb_text _builder_version=\u00a0\u00bb4.14.2&Prime; _module_preset=\u00a0\u00bbdefault\u00a0\u00bb hover_enabled=\u00a0\u00bb0&Prime; global_colors_info=\u00a0\u00bb{}\u00a0\u00bb sticky_enabled=\u00a0\u00bb0&Prime;]<\/p>\n<h3>Galerie de la journ\u00e9e du courtage d&rsquo;octobre 2019<\/h3>\n<p>[\/et_pb_text][\/et_pb_column][\/et_pb_row][et_pb_row use_custom_gutter=\u00a0\u00bbon\u00a0\u00bb gutter_width=\u00a0\u00bb1&Prime; _builder_version=\u00a0\u00bb4.9.7&Prime; _module_preset=\u00a0\u00bbdefault\u00a0\u00bb custom_margin=\u00a0\u00bb0px||0px||false|false\u00a0\u00bb custom_padding=\u00a0\u00bb0px||0px||false|false\u00a0\u00bb global_colors_info=\u00a0\u00bb{}\u00a0\u00bb][et_pb_column type=\u00a0\u00bb4_4&Prime; _builder_version=\u00a0\u00bb4.9.7&Prime; _module_preset=\u00a0\u00bbdefault\u00a0\u00bb global_colors_info=\u00a0\u00bb{}\u00a0\u00bb][et_pb_image src=\u00a0\u00bbhttps:\/\/apcal.lu\/wp-content\/uploads\/2021\/12\/SPA02371-1320&#215;880-1-1024&#215;683.jpg\u00a0\u00bb alt=\u00a0\u00bbAPCAL 5\u00e8me journ\u00e9e du courtage\u00a0\u00bb title_text=\u00a0\u00bbbrokerage-day-10-2020&#8211;1320&#215;880&Prime; _builder_version=\u00a0\u00bb4.14.2&Prime; _module_preset=\u00a0\u00bbdefault\u00a0\u00bb custom_margin=\u00a0\u00bb10px|10px|20px|10px|false|false\u00a0\u00bb hover_enabled=\u00a0\u00bb0&Prime; border_radii=\u00a0\u00bbon|5px|5px|5px|5px\u00a0\u00bb border_width_all=\u00a0\u00bb1px\u00a0\u00bb border_color_all=\u00a0\u00bb#7886A2&Prime; global_colors_info=\u00a0\u00bb{}\u00a0\u00bb sticky_enabled=\u00a0\u00bb0&Prime;][\/et_pb_image][\/et_pb_column][\/et_pb_row][et_pb_row column_structure=\u00a0\u00bb1_2,1_2&Prime; use_custom_gutter=\u00a0\u00bbon\u00a0\u00bb gutter_width=\u00a0\u00bb1&Prime; _builder_version=\u00a0\u00bb4.9.7&Prime; _module_preset=\u00a0\u00bbdefault\u00a0\u00bb custom_margin=\u00a0\u00bb0px||0px||false|false\u00a0\u00bb custom_padding=\u00a0\u00bb0px||0px||false|false\u00a0\u00bb global_colors_info=\u00a0\u00bb{}\u00a0\u00bb][et_pb_column type=\u00a0\u00bb1_2&Prime; _builder_version=\u00a0\u00bb4.9.7&Prime; _module_preset=\u00a0\u00bbdefault\u00a0\u00bb global_colors_info=\u00a0\u00bb{}\u00a0\u00bb][et_pb_image src=\u00a0\u00bbhttps:\/\/apcal.lu\/wp-content\/uploads\/2021\/12\/SPA01062-1320&#215;880-1-1024&#215;683.jpg\u00a0\u00bb alt=\u00a0\u00bbAPCAL 5\u00e8me journ\u00e9e du courtage\u00a0\u00bb title_text=\u00a0\u00bbbrokerage-day-10-2020&#8211;1320&#215;880&Prime; _builder_version=\u00a0\u00bb4.14.2&Prime; _module_preset=\u00a0\u00bbdefault\u00a0\u00bb custom_margin=\u00a0\u00bb10px|10px|20px|10px|false|false\u00a0\u00bb hover_enabled=\u00a0\u00bb0&Prime; border_radii=\u00a0\u00bbon|5px|5px|5px|5px\u00a0\u00bb border_width_all=\u00a0\u00bb1px\u00a0\u00bb border_color_all=\u00a0\u00bb#7886A2&Prime; global_colors_info=\u00a0\u00bb{}\u00a0\u00bb sticky_enabled=\u00a0\u00bb0&Prime;][\/et_pb_image][et_pb_image src=\u00a0\u00bbhttps:\/\/apcal.lu\/wp-content\/uploads\/2021\/12\/SPA01908-1320&#215;880-1-1024&#215;683.jpg\u00a0\u00bb alt=\u00a0\u00bbAPCAL 5\u00e8me journ\u00e9e du courtage\u00a0\u00bb title_text=\u00a0\u00bbbrokerage-day-10-2020&#8211;1320&#215;880&Prime; _builder_version=\u00a0\u00bb4.14.2&Prime; _module_preset=\u00a0\u00bbdefault\u00a0\u00bb custom_margin=\u00a0\u00bb10px|10px|20px|10px|false|false\u00a0\u00bb hover_enabled=\u00a0\u00bb0&Prime; border_radii=\u00a0\u00bbon|5px|5px|5px|5px\u00a0\u00bb border_width_all=\u00a0\u00bb1px\u00a0\u00bb border_color_all=\u00a0\u00bb#7886A2&Prime; global_colors_info=\u00a0\u00bb{}\u00a0\u00bb sticky_enabled=\u00a0\u00bb0&Prime;][\/et_pb_image][\/et_pb_column][et_pb_column type=\u00a0\u00bb1_2&Prime; _builder_version=\u00a0\u00bb4.9.7&Prime; _module_preset=\u00a0\u00bbdefault\u00a0\u00bb global_colors_info=\u00a0\u00bb{}\u00a0\u00bb][et_pb_image src=\u00a0\u00bbhttps:\/\/apcal.lu\/wp-content\/uploads\/2021\/06\/brokerage-day10-2020-1320&#215;880-1.jpg\u00a0\u00bb alt=\u00a0\u00bbBrokerage day octobre 2021&Prime; title_text=\u00a0\u00bbbrokerage-day10-2020-1320&#215;880&Prime; _builder_version=\u00a0\u00bb4.9.7&Prime; _module_preset=\u00a0\u00bbdefault\u00a0\u00bb custom_margin=\u00a0\u00bb10px|10px|20px|10px|false|false\u00a0\u00bb border_radii=\u00a0\u00bbon|5px|5px|5px|5px\u00a0\u00bb border_width_all=\u00a0\u00bb1px\u00a0\u00bb border_color_all=\u00a0\u00bb#7886A2&Prime; global_colors_info=\u00a0\u00bb{}\u00a0\u00bb][\/et_pb_image][et_pb_image src=\u00a0\u00bbhttps:\/\/apcal.lu\/wp-content\/uploads\/2021\/06\/brokerage-day-10-2020-1320&#215;880-2.jpg\u00a0\u00bb alt=\u00a0\u00bbBrokerage day octobre 2021&Prime; title_text=\u00a0\u00bbbrokerage-day-10-2020-1320&#215;880&Prime; _builder_version=\u00a0\u00bb4.9.7&Prime; _module_preset=\u00a0\u00bbdefault\u00a0\u00bb custom_margin=\u00a0\u00bb10px|10px|10px|10px|false|false\u00a0\u00bb border_radii=\u00a0\u00bbon|5px|5px|5px|5px\u00a0\u00bb border_width_all=\u00a0\u00bb1px\u00a0\u00bb border_color_all=\u00a0\u00bb#7886A2&Prime; global_colors_info=\u00a0\u00bb{}\u00a0\u00bb][\/et_pb_image][\/et_pb_column][\/et_pb_row][et_pb_row use_custom_gutter=\u00a0\u00bbon\u00a0\u00bb gutter_width=\u00a0\u00bb1&Prime; _builder_version=\u00a0\u00bb4.9.7&Prime; _module_preset=\u00a0\u00bbdefault\u00a0\u00bb custom_margin=\u00a0\u00bb0px||0px||false|false\u00a0\u00bb custom_padding=\u00a0\u00bb0px||0px||false|false\u00a0\u00bb global_colors_info=\u00a0\u00bb{}\u00a0\u00bb][et_pb_column type=\u00a0\u00bb4_4&Prime; _builder_version=\u00a0\u00bb4.9.7&Prime; _module_preset=\u00a0\u00bbdefault\u00a0\u00bb global_colors_info=\u00a0\u00bb{}\u00a0\u00bb][et_pb_image src=\u00a0\u00bbhttps:\/\/apcal.lu\/wp-content\/uploads\/2021\/12\/SPA01851-1320&#215;880-1-1024&#215;683.jpg\u00a0\u00bb alt=\u00a0\u00bbAPCAL 5\u00e8me journ\u00e9e du courtage\u00a0\u00bb title_text=\u00a0\u00bbbrokerage-day-10-2020&#8211;1320&#215;880&Prime; _builder_version=\u00a0\u00bb4.14.2&Prime; _module_preset=\u00a0\u00bbdefault\u00a0\u00bb custom_margin=\u00a0\u00bb10px|10px|20px|10px|false|false\u00a0\u00bb hover_enabled=\u00a0\u00bb0&Prime; border_radii=\u00a0\u00bbon|5px|5px|5px|5px\u00a0\u00bb border_width_all=\u00a0\u00bb1px\u00a0\u00bb border_color_all=\u00a0\u00bb#7886A2&Prime; global_colors_info=\u00a0\u00bb{}\u00a0\u00bb sticky_enabled=\u00a0\u00bb0&Prime;][\/et_pb_image][\/et_pb_column][\/et_pb_row][et_pb_row column_structure=\u00a0\u00bb1_3,1_3,1_3&Prime; use_custom_gutter=\u00a0\u00bbon\u00a0\u00bb gutter_width=\u00a0\u00bb1&Prime; _builder_version=\u00a0\u00bb4.9.7&Prime; _module_preset=\u00a0\u00bbdefault\u00a0\u00bb custom_margin=\u00a0\u00bb0px||0px||false|false\u00a0\u00bb custom_padding=\u00a0\u00bb0px||0px||false|false\u00a0\u00bb global_colors_info=\u00a0\u00bb{}\u00a0\u00bb][et_pb_column type=\u00a0\u00bb1_3&Prime; _builder_version=\u00a0\u00bb4.9.7&Prime; _module_preset=\u00a0\u00bbdefault\u00a0\u00bb global_colors_info=\u00a0\u00bb{}\u00a0\u00bb][et_pb_image src=\u00a0\u00bbhttps:\/\/apcal.lu\/wp-content\/uploads\/2021\/12\/SPA01046-1320&#215;880-1-1024&#215;683.jpg\u00a0\u00bb alt=\u00a0\u00bbAPCAL 5\u00e8me journ\u00e9e du courtage\u00a0\u00bb title_text=\u00a0\u00bbbrokerage-day-10-2020&#8211;1320&#215;880&Prime; _builder_version=\u00a0\u00bb4.14.2&Prime; _module_preset=\u00a0\u00bbdefault\u00a0\u00bb custom_margin=\u00a0\u00bb10px|10px|20px|10px|false|false\u00a0\u00bb hover_enabled=\u00a0\u00bb0&Prime; border_radii=\u00a0\u00bbon|5px|5px|5px|5px\u00a0\u00bb border_width_all=\u00a0\u00bb1px\u00a0\u00bb border_color_all=\u00a0\u00bb#7886A2&Prime; global_colors_info=\u00a0\u00bb{}\u00a0\u00bb sticky_enabled=\u00a0\u00bb0&Prime;][\/et_pb_image][\/et_pb_column][et_pb_column _builder_version=\u00a0\u00bb4.14.2&Prime; _module_preset=\u00a0\u00bbdefault\u00a0\u00bb type=\u00a0\u00bb1_3&Prime;][et_pb_image src=\u00a0\u00bbhttps:\/\/apcal.lu\/wp-content\/uploads\/2021\/12\/SPA02196-1320&#215;880-1-1024&#215;683.jpg\u00a0\u00bb alt=\u00a0\u00bbAPCAL 5\u00e8me journ\u00e9e du courtage\u00a0\u00bb title_text=\u00a0\u00bbbrokerage-day10-2020-1320&#215;880&Prime; _builder_version=\u00a0\u00bb4.14.2&Prime; _module_preset=\u00a0\u00bbdefault\u00a0\u00bb custom_margin=\u00a0\u00bb10px|10px|20px|10px|false|false\u00a0\u00bb hover_enabled=\u00a0\u00bb0&Prime; border_radii=\u00a0\u00bbon|5px|5px|5px|5px\u00a0\u00bb border_width_all=\u00a0\u00bb1px\u00a0\u00bb border_color_all=\u00a0\u00bb#7886A2&Prime; global_colors_info=\u00a0\u00bb{}\u00a0\u00bb sticky_enabled=\u00a0\u00bb0&Prime;][\/et_pb_image][\/et_pb_column][et_pb_column type=\u00a0\u00bb1_3&Prime; _builder_version=\u00a0\u00bb4.9.7&Prime; _module_preset=\u00a0\u00bbdefault\u00a0\u00bb global_colors_info=\u00a0\u00bb{}\u00a0\u00bb][et_pb_image src=\u00a0\u00bbhttps:\/\/apcal.lu\/wp-content\/uploads\/2021\/12\/SPA02500-1320&#215;880-1-1024&#215;683.jpg\u00a0\u00bb alt=\u00a0\u00bbAPCAL 5\u00e8me journ\u00e9e du courtage\u00a0\u00bb title_text=\u00a0\u00bbbrokerage-day-10-2020-1320&#215;880&Prime; _builder_version=\u00a0\u00bb4.14.2&Prime; _module_preset=\u00a0\u00bbdefault\u00a0\u00bb custom_margin=\u00a0\u00bb10px|10px|10px|10px|false|false\u00a0\u00bb hover_enabled=\u00a0\u00bb0&Prime; border_radii=\u00a0\u00bbon|5px|5px|5px|5px\u00a0\u00bb border_width_all=\u00a0\u00bb1px\u00a0\u00bb border_color_all=\u00a0\u00bb#7886A2&Prime; global_colors_info=\u00a0\u00bb{}\u00a0\u00bb sticky_enabled=\u00a0\u00bb0&Prime;][\/et_pb_image][\/et_pb_column][\/et_pb_row][\/et_pb_section][et_pb_section fb_built=\u00a0\u00bb1&Prime; _builder_version=\u00a0\u00bb4.9.7&Prime; _module_preset=\u00a0\u00bbdefault\u00a0\u00bb global_colors_info=\u00a0\u00bb{}\u00a0\u00bb global_module=\u00a0\u00bb448&Prime; theme_builder_area=\u00a0\u00bbpost_content\u00a0\u00bb][et_pb_row _builder_version=\u00a0\u00bb4.9.7&Prime; _module_preset=\u00a0\u00bbdefault\u00a0\u00bb module_alignment=\u00a0\u00bbcenter\u00a0\u00bb custom_margin=\u00a0\u00bb0px|0px|0px|0px|false|false\u00a0\u00bb custom_padding=\u00a0\u00bb0px|0px|0px|0px|false|false\u00a0\u00bb global_colors_info=\u00a0\u00bb{}\u00a0\u00bb theme_builder_area=\u00a0\u00bbpost_content\u00a0\u00bb][et_pb_column type=\u00a0\u00bb4_4&Prime; _builder_version=\u00a0\u00bb4.9.7&Prime; _module_preset=\u00a0\u00bbdefault\u00a0\u00bb global_colors_info=\u00a0\u00bb{}\u00a0\u00bb theme_builder_area=\u00a0\u00bbpost_content\u00a0\u00bb][et_pb_text admin_label=\u00a0\u00bbPlatinium\u00a0\u00bb _builder_version=\u00a0\u00bb4.13.0&Prime; _module_preset=\u00a0\u00bbdefault\u00a0\u00bb header_3_font=\u00a0\u00bb|600|||||||\u00a0\u00bb header_3_text_align=\u00a0\u00bbcenter\u00a0\u00bb custom_margin=\u00a0\u00bb0px|0px|0px|0px|false|false\u00a0\u00bb custom_padding=\u00a0\u00bb0px|0px|0px|0px|false|false\u00a0\u00bb global_colors_info=\u00a0\u00bb{}\u00a0\u00bb theme_builder_area=\u00a0\u00bbpost_content\u00a0\u00bb]<\/p>\n<h3>Sponsor Platinium<\/h3>\n<p>[\/et_pb_text][\/et_pb_column][\/et_pb_row][et_pb_row admin_label=\u00a0\u00bbPartenaires\u00a0\u00bb _builder_version=\u00a0\u00bb4.13.0&Prime; _module_preset=\u00a0\u00bbdefault\u00a0\u00bb module_alignment=\u00a0\u00bbcenter\u00a0\u00bb custom_margin=\u00a0\u00bb10px||70px||false|false\u00a0\u00bb custom_padding=\u00a0\u00bb40px|0px|0px|0px|false|false\u00a0\u00bb global_colors_info=\u00a0\u00bb{}\u00a0\u00bb theme_builder_area=\u00a0\u00bbpost_content\u00a0\u00bb][et_pb_column type=\u00a0\u00bb4_4&Prime; _builder_version=\u00a0\u00bb4.9.7&Prime; _module_preset=\u00a0\u00bbdefault\u00a0\u00bb global_colors_info=\u00a0\u00bb{}\u00a0\u00bb theme_builder_area=\u00a0\u00bbpost_content\u00a0\u00bb][et_pb_image src=\u00a0\u00bbhttps:\/\/apcal.lu\/wp-content\/uploads\/2021\/06\/sogelife.png\u00a0\u00bb alt=\u00a0\u00bbSogelife\u00a0\u00bb title_text=\u00a0\u00bbsogelife\u00a0\u00bb url=\u00a0\u00bbhttps:\/\/www.lamondiale.lu\u00a0\u00bb align=\u00a0\u00bbcenter\u00a0\u00bb admin_label=\u00a0\u00bbMondiale\u00a0\u00bb _builder_version=\u00a0\u00bb4.14.1&Prime; _module_preset=\u00a0\u00bbdefault\u00a0\u00bb border_radii=\u00a0\u00bbon|5px|5px|5px|5px\u00a0\u00bb box_shadow_style=\u00a0\u00bbpreset3&Prime; global_colors_info=\u00a0\u00bb{}\u00a0\u00bb theme_builder_area=\u00a0\u00bbpost_content\u00a0\u00bb][\/et_pb_image][\/et_pb_column][\/et_pb_row][et_pb_row _builder_version=\u00a0\u00bb4.9.7&Prime; _module_preset=\u00a0\u00bbdefault\u00a0\u00bb module_alignment=\u00a0\u00bbcenter\u00a0\u00bb custom_margin=\u00a0\u00bb0px|0px|0px|0px|false|false\u00a0\u00bb custom_padding=\u00a0\u00bb0px|0px|0px|0px|false|false\u00a0\u00bb global_colors_info=\u00a0\u00bb{}\u00a0\u00bb theme_builder_area=\u00a0\u00bbpost_content\u00a0\u00bb][et_pb_column type=\u00a0\u00bb4_4&Prime; _builder_version=\u00a0\u00bb4.9.7&Prime; _module_preset=\u00a0\u00bbdefault\u00a0\u00bb global_colors_info=\u00a0\u00bb{}\u00a0\u00bb theme_builder_area=\u00a0\u00bbpost_content\u00a0\u00bb][et_pb_text admin_label=\u00a0\u00bbGold\u00a0\u00bb _builder_version=\u00a0\u00bb4.11.1&Prime; _module_preset=\u00a0\u00bbdefault\u00a0\u00bb header_3_font=\u00a0\u00bb|600|||||||\u00a0\u00bb header_3_text_align=\u00a0\u00bbcenter\u00a0\u00bb custom_margin=\u00a0\u00bb0px|0px|0px|0px|false|false\u00a0\u00bb custom_padding=\u00a0\u00bb0px|0px|0px|0px|false|false\u00a0\u00bb global_colors_info=\u00a0\u00bb{}\u00a0\u00bb theme_builder_area=\u00a0\u00bbpost_content\u00a0\u00bb]<\/p>\n<h3>Sponsors Gold<\/h3>\n<p>[\/et_pb_text][\/et_pb_column][\/et_pb_row][et_pb_row column_structure=\u00a0\u00bb1_5,1_5,1_5,1_5,1_5&Prime; use_custom_gutter=\u00a0\u00bbon\u00a0\u00bb gutter_width=\u00a0\u00bb2&Prime; admin_label=\u00a0\u00bbPartenaires\u00a0\u00bb _builder_version=\u00a0\u00bb4.9.7&Prime; _module_preset=\u00a0\u00bbdefault\u00a0\u00bb custom_margin=\u00a0\u00bb10px||10px||false|false\u00a0\u00bb custom_padding=\u00a0\u00bb40px|0px|0px|0px|false|false\u00a0\u00bb global_colors_info=\u00a0\u00bb{}\u00a0\u00bb theme_builder_area=\u00a0\u00bbpost_content\u00a0\u00bb][et_pb_column type=\u00a0\u00bb1_5&Prime; _builder_version=\u00a0\u00bb4.9.7&Prime; _module_preset=\u00a0\u00bbdefault\u00a0\u00bb global_colors_info=\u00a0\u00bb{}\u00a0\u00bb theme_builder_area=\u00a0\u00bbpost_content\u00a0\u00bb][et_pb_image src=\u00a0\u00bbhttps:\/\/apcal.lu\/wp-content\/uploads\/2021\/09\/Mondiale-europartner.png\u00a0\u00bb alt=\u00a0\u00bbMondiale europartner\u00a0\u00bb title_text=\u00a0\u00bbMondiale-europartner\u00a0\u00bb url=\u00a0\u00bbhttps:\/\/www.lamondiale.lu\u00a0\u00bb admin_label=\u00a0\u00bbMondiale\u00a0\u00bb _builder_version=\u00a0\u00bb4.13.0&Prime; _module_preset=\u00a0\u00bbdefault\u00a0\u00bb border_radii=\u00a0\u00bbon|5px|5px|5px|5px\u00a0\u00bb box_shadow_style=\u00a0\u00bbpreset3&Prime; global_colors_info=\u00a0\u00bb{}\u00a0\u00bb theme_builder_area=\u00a0\u00bbpost_content\u00a0\u00bb][\/et_pb_image][\/et_pb_column][et_pb_column type=\u00a0\u00bb1_5&Prime; _builder_version=\u00a0\u00bb4.9.7&Prime; _module_preset=\u00a0\u00bbdefault\u00a0\u00bb global_colors_info=\u00a0\u00bb{}\u00a0\u00bb theme_builder_area=\u00a0\u00bbpost_content\u00a0\u00bb][et_pb_image src=\u00a0\u00bbhttps:\/\/apcal.lu\/wp-content\/uploads\/2021\/09\/aig-europe.png\u00a0\u00bb alt=\u00a0\u00bbAIG\u00a0\u00bb title_text=\u00a0\u00bbaig-europe\u00a0\u00bb url=\u00a0\u00bbhttp:\/\/www.aig.lu\/\u00a0\u00bb admin_label=\u00a0\u00bbAIG\u00a0\u00bb _builder_version=\u00a0\u00bb4.13.0&Prime; _module_preset=\u00a0\u00bbdefault\u00a0\u00bb border_radii=\u00a0\u00bbon|5px|5px|5px|5px\u00a0\u00bb box_shadow_style=\u00a0\u00bbpreset3&Prime; global_colors_info=\u00a0\u00bb{}\u00a0\u00bb theme_builder_area=\u00a0\u00bbpost_content\u00a0\u00bb][\/et_pb_image][\/et_pb_column][et_pb_column type=\u00a0\u00bb1_5&Prime; _builder_version=\u00a0\u00bb4.9.7&Prime; _module_preset=\u00a0\u00bbdefault\u00a0\u00bb global_colors_info=\u00a0\u00bb{}\u00a0\u00bb theme_builder_area=\u00a0\u00bbpost_content\u00a0\u00bb][et_pb_image src=\u00a0\u00bbhttps:\/\/apcal.lu\/wp-content\/uploads\/2021\/09\/allianz-Life-Luxembourg.png\u00a0\u00bb alt=\u00a0\u00bbAllianz\u00a0\u00bb title_text=\u00a0\u00bballianz-Life-Luxembourg\u00a0\u00bb url=\u00a0\u00bbhttp:\/\/www.allianz.lu\/\u00a0\u00bb admin_label=\u00a0\u00bbAllianze\u00a0\u00bb _builder_version=\u00a0\u00bb4.13.0&Prime; _module_preset=\u00a0\u00bbdefault\u00a0\u00bb border_radii=\u00a0\u00bbon|5px|5px|5px|5px\u00a0\u00bb box_shadow_style=\u00a0\u00bbpreset3&Prime; global_colors_info=\u00a0\u00bb{}\u00a0\u00bb theme_builder_area=\u00a0\u00bbpost_content\u00a0\u00bb][\/et_pb_image][\/et_pb_column][et_pb_column type=\u00a0\u00bb1_5&Prime; _builder_version=\u00a0\u00bb4.9.7&Prime; _module_preset=\u00a0\u00bbdefault\u00a0\u00bb global_colors_info=\u00a0\u00bb{}\u00a0\u00bb theme_builder_area=\u00a0\u00bbpost_content\u00a0\u00bb][et_pb_image src=\u00a0\u00bbhttps:\/\/apcal.lu\/wp-content\/uploads\/2021\/09\/arendt-medernach.png\u00a0\u00bb alt=\u00a0\u00bbarendt\u00a0\u00bb title_text=\u00a0\u00bbarendt-medernach\u00a0\u00bb url=\u00a0\u00bbhttps:\/\/www.arendt.com\/\u00a0\u00bb admin_label=\u00a0\u00bbArendt\u00a0\u00bb _builder_version=\u00a0\u00bb4.13.0&Prime; _module_preset=\u00a0\u00bbdefault\u00a0\u00bb border_radii=\u00a0\u00bbon|5px|5px|5px|5px\u00a0\u00bb box_shadow_style=\u00a0\u00bbpreset3&Prime; global_colors_info=\u00a0\u00bb{}\u00a0\u00bb theme_builder_area=\u00a0\u00bbpost_content\u00a0\u00bb][\/et_pb_image][\/et_pb_column][et_pb_column type=\u00a0\u00bb1_5&Prime; _builder_version=\u00a0\u00bb4.9.7&Prime; _module_preset=\u00a0\u00bbdefault\u00a0\u00bb global_colors_info=\u00a0\u00bb{}\u00a0\u00bb theme_builder_area=\u00a0\u00bbpost_content\u00a0\u00bb][et_pb_image src=\u00a0\u00bbhttps:\/\/apcal.lu\/wp-content\/uploads\/2021\/09\/cardif-lux-vie.png\u00a0\u00bb alt=\u00a0\u00bbcardif lux vie\u00a0\u00bb title_text=\u00a0\u00bbcardif-lux-vie\u00a0\u00bb url=\u00a0\u00bbhttps:\/\/cardifluxvie.com\/\u00a0\u00bb admin_label=\u00a0\u00bbCardif\u00a0\u00bb _builder_version=\u00a0\u00bb4.13.0&Prime; _module_preset=\u00a0\u00bbdefault\u00a0\u00bb border_radii=\u00a0\u00bbon|5px|5px|5px|5px\u00a0\u00bb box_shadow_style=\u00a0\u00bbpreset3&Prime; global_colors_info=\u00a0\u00bb{}\u00a0\u00bb theme_builder_area=\u00a0\u00bbpost_content\u00a0\u00bb][\/et_pb_image][\/et_pb_column][\/et_pb_row][et_pb_row column_structure=\u00a0\u00bb1_5,1_5,1_5,1_5,1_5&Prime; use_custom_gutter=\u00a0\u00bbon\u00a0\u00bb gutter_width=\u00a0\u00bb2&Prime; admin_label=\u00a0\u00bbPartenaires\u00a0\u00bb _builder_version=\u00a0\u00bb4.9.7&Prime; _module_preset=\u00a0\u00bbdefault\u00a0\u00bb custom_margin=\u00a0\u00bb10px||60px||false|false\u00a0\u00bb custom_padding=\u00a0\u00bb30px|0px|0px|0px|false|false\u00a0\u00bb global_colors_info=\u00a0\u00bb{}\u00a0\u00bb theme_builder_area=\u00a0\u00bbpost_content\u00a0\u00bb][et_pb_column type=\u00a0\u00bb1_5&Prime; _builder_version=\u00a0\u00bb4.9.7&Prime; _module_preset=\u00a0\u00bbdefault\u00a0\u00bb global_colors_info=\u00a0\u00bb{}\u00a0\u00bb theme_builder_area=\u00a0\u00bbpost_content\u00a0\u00bb][et_pb_image src=\u00a0\u00bbhttps:\/\/apcal.lu\/wp-content\/uploads\/2021\/09\/lalux-luxembourg.png\u00a0\u00bb alt=\u00a0\u00bbLalux\u00a0\u00bb title_text=\u00a0\u00bblalux-luxembourg\u00a0\u00bb url=\u00a0\u00bbhttps:\/\/www.lalux.lu\/fr\u00a0\u00bb admin_label=\u00a0\u00bbLalux\u00a0\u00bb _builder_version=\u00a0\u00bb4.13.0&Prime; _module_preset=\u00a0\u00bbdefault\u00a0\u00bb border_radii=\u00a0\u00bbon|5px|5px|5px|5px\u00a0\u00bb box_shadow_style=\u00a0\u00bbpreset3&Prime; global_colors_info=\u00a0\u00bb{}\u00a0\u00bb theme_builder_area=\u00a0\u00bbpost_content\u00a0\u00bb][\/et_pb_image][\/et_pb_column][et_pb_column type=\u00a0\u00bb1_5&Prime; _builder_version=\u00a0\u00bb4.9.7&Prime; _module_preset=\u00a0\u00bbdefault\u00a0\u00bb global_colors_info=\u00a0\u00bb{}\u00a0\u00bb theme_builder_area=\u00a0\u00bbpost_content\u00a0\u00bb][et_pb_image src=\u00a0\u00bbhttps:\/\/apcal.lu\/wp-content\/uploads\/2021\/09\/lombard-international-assurance.png\u00a0\u00bb alt=\u00a0\u00bblombard international assurance\u00a0\u00bb title_text=\u00a0\u00bblombard-international-assurance\u00a0\u00bb url=\u00a0\u00bbhttps:\/\/www.lombardinternational.com\/\u00a0\u00bb admin_label=\u00a0\u00bbLombard\u00a0\u00bb _builder_version=\u00a0\u00bb4.13.0&Prime; _module_preset=\u00a0\u00bbdefault\u00a0\u00bb border_radii=\u00a0\u00bbon|5px|5px|5px|5px\u00a0\u00bb box_shadow_style=\u00a0\u00bbpreset3&Prime; global_colors_info=\u00a0\u00bb{}\u00a0\u00bb theme_builder_area=\u00a0\u00bbpost_content\u00a0\u00bb][\/et_pb_image][\/et_pb_column][et_pb_column type=\u00a0\u00bb1_5&Prime; _builder_version=\u00a0\u00bb4.9.7&Prime; _module_preset=\u00a0\u00bbdefault\u00a0\u00bb global_colors_info=\u00a0\u00bb{}\u00a0\u00bb theme_builder_area=\u00a0\u00bbpost_content\u00a0\u00bb][et_pb_image src=\u00a0\u00bbhttps:\/\/apcal.lu\/wp-content\/uploads\/2021\/09\/pwc-luxembourg.png\u00a0\u00bb alt=\u00a0\u00bbpwc\u00a0\u00bb title_text=\u00a0\u00bbpwc-luxembourg\u00a0\u00bb url=\u00a0\u00bbhttps:\/\/www.pwc.lu\/\u00a0\u00bb admin_label=\u00a0\u00bbPWC\u00a0\u00bb _builder_version=\u00a0\u00bb4.13.0&Prime; _module_preset=\u00a0\u00bbdefault\u00a0\u00bb border_radii=\u00a0\u00bbon|5px|5px|5px|5px\u00a0\u00bb box_shadow_style=\u00a0\u00bbpreset3&Prime; global_colors_info=\u00a0\u00bb{}\u00a0\u00bb theme_builder_area=\u00a0\u00bbpost_content\u00a0\u00bb][\/et_pb_image][\/et_pb_column][et_pb_column type=\u00a0\u00bb1_5&Prime; _builder_version=\u00a0\u00bb4.9.7&Prime; _module_preset=\u00a0\u00bbdefault\u00a0\u00bb global_colors_info=\u00a0\u00bb{}\u00a0\u00bb theme_builder_area=\u00a0\u00bbpost_content\u00a0\u00bb][et_pb_image src=\u00a0\u00bbhttps:\/\/apcal.lu\/wp-content\/uploads\/2021\/09\/axa-luxembourg.png\u00a0\u00bb alt=\u00a0\u00bbaxa\u00a0\u00bb title_text=\u00a0\u00bbaxa-luxembourg\u00a0\u00bb url=\u00a0\u00bbhttp:\/\/www.axa.lu\/\u00a0\u00bb admin_label=\u00a0\u00bbAxa\u00a0\u00bb _builder_version=\u00a0\u00bb4.13.0&Prime; _module_preset=\u00a0\u00bbdefault\u00a0\u00bb border_radii=\u00a0\u00bbon|5px|5px|5px|5px\u00a0\u00bb box_shadow_style=\u00a0\u00bbpreset3&Prime; global_colors_info=\u00a0\u00bb{}\u00a0\u00bb theme_builder_area=\u00a0\u00bbpost_content\u00a0\u00bb][\/et_pb_image][\/et_pb_column][et_pb_column type=\u00a0\u00bb1_5&Prime; _builder_version=\u00a0\u00bb4.9.7&Prime; _module_preset=\u00a0\u00bbdefault\u00a0\u00bb global_colors_info=\u00a0\u00bb{}\u00a0\u00bb theme_builder_area=\u00a0\u00bbpost_content\u00a0\u00bb][\/et_pb_column][\/et_pb_row][et_pb_row _builder_version=\u00a0\u00bb4.9.7&Prime; _module_preset=\u00a0\u00bbdefault\u00a0\u00bb module_alignment=\u00a0\u00bbcenter\u00a0\u00bb global_colors_info=\u00a0\u00bb{}\u00a0\u00bb theme_builder_area=\u00a0\u00bbpost_content\u00a0\u00bb][et_pb_column type=\u00a0\u00bb4_4&Prime; _builder_version=\u00a0\u00bb4.9.7&Prime; _module_preset=\u00a0\u00bbdefault\u00a0\u00bb global_colors_info=\u00a0\u00bb{}\u00a0\u00bb theme_builder_area=\u00a0\u00bbpost_content\u00a0\u00bb][et_pb_text admin_label=\u00a0\u00bbSilver\u00a0\u00bb _builder_version=\u00a0\u00bb4.9.7&Prime; _module_preset=\u00a0\u00bbdefault\u00a0\u00bb header_3_text_align=\u00a0\u00bbcenter\u00a0\u00bb header_3_font_size=\u00a0\u00bb20px\u00a0\u00bb custom_margin=\u00a0\u00bb0px|0px|0px|0px|false|false\u00a0\u00bb custom_padding=\u00a0\u00bb0px|0px|0px|0px|false|false\u00a0\u00bb global_colors_info=\u00a0\u00bb{}\u00a0\u00bb theme_builder_area=\u00a0\u00bbpost_content\u00a0\u00bb]<\/p>\n<h3>Sponsors Silver<\/h3>\n<p>[\/et_pb_text][\/et_pb_column][\/et_pb_row][et_pb_row column_structure=\u00a0\u00bb1_4,1_4,1_4,1_4&Prime; use_custom_gutter=\u00a0\u00bbon\u00a0\u00bb gutter_width=\u00a0\u00bb2&Prime; admin_label=\u00a0\u00bbPartenaires\u00a0\u00bb _builder_version=\u00a0\u00bb4.9.7&Prime; _module_preset=\u00a0\u00bbdefault\u00a0\u00bb custom_margin=\u00a0\u00bb10px||10px||false|false\u00a0\u00bb custom_padding=\u00a0\u00bb30px|0px|0px|0px|false|false\u00a0\u00bb global_colors_info=\u00a0\u00bb{}\u00a0\u00bb theme_builder_area=\u00a0\u00bbpost_content\u00a0\u00bb][et_pb_column type=\u00a0\u00bb1_4&Prime; _builder_version=\u00a0\u00bb4.9.7&Prime; _module_preset=\u00a0\u00bbdefault\u00a0\u00bb global_colors_info=\u00a0\u00bb{}\u00a0\u00bb theme_builder_area=\u00a0\u00bbpost_content\u00a0\u00bb][et_pb_image src=\u00a0\u00bbhttps:\/\/apcal.lu\/wp-content\/uploads\/2021\/09\/baloise-assurances-luxembourg.png\u00a0\u00bb alt=\u00a0\u00bbBaloise\u00a0\u00bb title_text=\u00a0\u00bbbaloise-assurances-luxembourg\u00a0\u00bb url=\u00a0\u00bbhttp:\/\/www.baloise.lu\/\u00a0\u00bb admin_label=\u00a0\u00bbBaloise\u00a0\u00bb _builder_version=\u00a0\u00bb4.13.0&Prime; _module_preset=\u00a0\u00bbdefault\u00a0\u00bb width=\u00a0\u00bb70%\u00a0\u00bb module_alignment=\u00a0\u00bbcenter\u00a0\u00bb border_radii=\u00a0\u00bbon|5px|5px|5px|5px\u00a0\u00bb box_shadow_style=\u00a0\u00bbpreset3&Prime; global_colors_info=\u00a0\u00bb{}\u00a0\u00bb theme_builder_area=\u00a0\u00bbpost_content\u00a0\u00bb][\/et_pb_image][\/et_pb_column][et_pb_column type=\u00a0\u00bb1_4&Prime; _builder_version=\u00a0\u00bb4.9.7&Prime; _module_preset=\u00a0\u00bbdefault\u00a0\u00bb global_colors_info=\u00a0\u00bb{}\u00a0\u00bb theme_builder_area=\u00a0\u00bbpost_content\u00a0\u00bb][et_pb_image src=\u00a0\u00bbhttps:\/\/apcal.lu\/wp-content\/uploads\/2021\/09\/cnp-luxembourg.jpg\u00a0\u00bb alt=\u00a0\u00bbCNP Luxembourg\u00a0\u00bb title_text=\u00a0\u00bbcnp-luxembourg\u00a0\u00bb url=\u00a0\u00bbhttps:\/\/www.cnpluxembourg.lu\/\u00a0\u00bb admin_label=\u00a0\u00bbCNP\u00a0\u00bb _builder_version=\u00a0\u00bb4.13.0&Prime; _module_preset=\u00a0\u00bbdefault\u00a0\u00bb width=\u00a0\u00bb70%\u00a0\u00bb module_alignment=\u00a0\u00bbcenter\u00a0\u00bb border_radii=\u00a0\u00bbon|5px|5px|5px|5px\u00a0\u00bb box_shadow_style=\u00a0\u00bbpreset3&Prime; global_colors_info=\u00a0\u00bb{}\u00a0\u00bb theme_builder_area=\u00a0\u00bbpost_content\u00a0\u00bb][\/et_pb_image][\/et_pb_column][et_pb_column type=\u00a0\u00bb1_4&Prime; _builder_version=\u00a0\u00bb4.9.7&Prime; _module_preset=\u00a0\u00bbdefault\u00a0\u00bb global_colors_info=\u00a0\u00bb{}\u00a0\u00bb theme_builder_area=\u00a0\u00bbpost_content\u00a0\u00bb][et_pb_image src=\u00a0\u00bbhttps:\/\/apcal.lu\/wp-content\/uploads\/2021\/09\/vitis-life.png\u00a0\u00bb alt=\u00a0\u00bbVitis Life\u00a0\u00bb title_text=\u00a0\u00bbvitis-life\u00a0\u00bb url=\u00a0\u00bbhttps:\/\/www.vitislife.com\/\u00a0\u00bb admin_label=\u00a0\u00bbvitislife\u00a0\u00bb _builder_version=\u00a0\u00bb4.13.0&Prime; _module_preset=\u00a0\u00bbdefault\u00a0\u00bb width=\u00a0\u00bb70%\u00a0\u00bb module_alignment=\u00a0\u00bbcenter\u00a0\u00bb border_radii=\u00a0\u00bbon|5px|5px|5px|5px\u00a0\u00bb box_shadow_style=\u00a0\u00bbpreset3&Prime; global_colors_info=\u00a0\u00bb{}\u00a0\u00bb theme_builder_area=\u00a0\u00bbpost_content\u00a0\u00bb][\/et_pb_image][\/et_pb_column][et_pb_column type=\u00a0\u00bb1_4&Prime; _builder_version=\u00a0\u00bb4.9.7&Prime; _module_preset=\u00a0\u00bbdefault\u00a0\u00bb global_colors_info=\u00a0\u00bb{}\u00a0\u00bb theme_builder_area=\u00a0\u00bbpost_content\u00a0\u00bb][et_pb_image src=\u00a0\u00bbhttps:\/\/apcal.lu\/wp-content\/uploads\/2021\/09\/foyer.png\u00a0\u00bb alt=\u00a0\u00bbFoyer\u00a0\u00bb title_text=\u00a0\u00bbvitis-life\u00a0\u00bb url=\u00a0\u00bbhttps:\/\/www.foyer.lu\/\u00a0\u00bb admin_label=\u00a0\u00bbFoyer\u00a0\u00bb _builder_version=\u00a0\u00bb4.13.0&Prime; _module_preset=\u00a0\u00bbdefault\u00a0\u00bb width=\u00a0\u00bb70%\u00a0\u00bb module_alignment=\u00a0\u00bbcenter\u00a0\u00bb border_radii=\u00a0\u00bbon|5px|5px|5px|5px\u00a0\u00bb box_shadow_style=\u00a0\u00bbpreset3&Prime; global_colors_info=\u00a0\u00bb{}\u00a0\u00bb theme_builder_area=\u00a0\u00bbpost_content\u00a0\u00bb][\/et_pb_image][\/et_pb_column][\/et_pb_row][\/et_pb_section]<\/p>\n","protected":false},"excerpt":{"rendered":"<p>Modern tools for Insurance and Brexit experiences Retrouvez\u00a0 le programme de la journ\u00e9e de courtage 2019 au format PDF contenant\u00a0le planning de la rencontre,\u00a0une pr\u00e9sentation d\u00e9taill\u00e9e de chaque intervenant, la\u00a0galerie photos\u00a0et les\u00a0pr\u00e9sentations Power Point.Programme de la journ\u00e9e : S\u00e9ance d\u2019ouverture par Mr Marco Caldana, President, APCAL Pr\u00e9sentation : \u00abFit &amp; Proper courtier\u00bb par Mr Claude [&hellip;]<\/p>\n","protected":false},"author":156,"featured_media":367,"comment_status":"closed","ping_status":"closed","sticky":false,"template":"","format":"standard","meta":{"_et_pb_use_builder":"on","_et_pb_old_content":"","_et_gb_content_width":"","footnotes":""},"categories":[1],"tags":[],"class_list":["post-2529","post","type-post","status-publish","format-standard","has-post-thumbnail","hentry","category-news"],"yoast_head":"<!-- This site is optimized with the Yoast SEO plugin v26.7 - https:\/\/yoast.com\/wordpress\/plugins\/seo\/ -->\n<title>APCAL 5\u00e8me journ\u00e9e du courtage : 3 octobre 2019 - Apcal<\/title>\n<meta name=\"robots\" content=\"index, follow, max-snippet:-1, max-image-preview:large, max-video-preview:-1\" \/>\n<link rel=\"canonical\" href=\"https:\/\/apcal.lu\/fr\/apcal-5eme-journee-du-courtage-3-octobre-2019\/\" \/>\n<meta property=\"og:locale\" content=\"fr_FR\" \/>\n<meta property=\"og:type\" content=\"article\" \/>\n<meta property=\"og:title\" content=\"APCAL 5\u00e8me journ\u00e9e du courtage : 3 octobre 2019 - Apcal\" \/>\n<meta property=\"og:description\" content=\"Modern tools for Insurance and Brexit experiences Retrouvez\u00a0 le programme de la journ\u00e9e de courtage 2019 au format PDF contenant\u00a0le planning de la rencontre,\u00a0une pr\u00e9sentation d\u00e9taill\u00e9e de chaque intervenant, la\u00a0galerie photos\u00a0et les\u00a0pr\u00e9sentations Power Point.Programme de la journ\u00e9e : S\u00e9ance d\u2019ouverture par Mr Marco Caldana, President, APCAL Pr\u00e9sentation : \u00abFit &amp; Proper courtier\u00bb par Mr Claude [&hellip;]\" \/>\n<meta property=\"og:url\" content=\"https:\/\/apcal.lu\/fr\/apcal-5eme-journee-du-courtage-3-octobre-2019\/\" \/>\n<meta property=\"og:site_name\" content=\"Apcal\" \/>\n<meta property=\"article:published_time\" content=\"2019-10-05T15:44:29+00:00\" \/>\n<meta property=\"article:modified_time\" content=\"2022-01-14T10:13:03+00:00\" \/>\n<meta property=\"og:image\" content=\"https:\/\/apcal.lu\/wp-content\/uploads\/2021\/06\/journee-courtage-apcal-960x593-1.png\" \/>\n\t<meta property=\"og:image:width\" content=\"960\" \/>\n\t<meta property=\"og:image:height\" content=\"593\" \/>\n\t<meta property=\"og:image:type\" content=\"image\/png\" \/>\n<meta name=\"author\" content=\"Val\u00e9rie Pierre\" \/>\n<meta name=\"twitter:card\" content=\"summary_large_image\" \/>\n<meta name=\"twitter:label1\" content=\"\u00c9crit par\" \/>\n\t<meta name=\"twitter:data1\" content=\"Val\u00e9rie Pierre\" \/>\n\t<meta name=\"twitter:label2\" content=\"Dur\u00e9e de lecture estim\u00e9e\" \/>\n\t<meta name=\"twitter:data2\" content=\"13 minutes\" \/>\n<script type=\"application\/ld+json\" class=\"yoast-schema-graph\">{\"@context\":\"https:\/\/schema.org\",\"@graph\":[{\"@type\":\"Article\",\"@id\":\"https:\/\/apcal.lu\/fr\/apcal-5eme-journee-du-courtage-3-octobre-2019\/#article\",\"isPartOf\":{\"@id\":\"https:\/\/apcal.lu\/fr\/apcal-5eme-journee-du-courtage-3-octobre-2019\/\"},\"author\":{\"name\":\"Val\u00e9rie Pierre\",\"@id\":\"https:\/\/apcal.lu\/fr\/#\/schema\/person\/078c317aaf69a53a0d76ccc89b6abe52\"},\"headline\":\"APCAL 5\u00e8me journ\u00e9e du courtage : 3 octobre 2019\",\"datePublished\":\"2019-10-05T15:44:29+00:00\",\"dateModified\":\"2022-01-14T10:13:03+00:00\",\"mainEntityOfPage\":{\"@id\":\"https:\/\/apcal.lu\/fr\/apcal-5eme-journee-du-courtage-3-octobre-2019\/\"},\"wordCount\":2687,\"image\":{\"@id\":\"https:\/\/apcal.lu\/fr\/apcal-5eme-journee-du-courtage-3-octobre-2019\/#primaryimage\"},\"thumbnailUrl\":\"https:\/\/apcal.lu\/wp-content\/uploads\/2021\/06\/journee-courtage-apcal-960x593-1.png\",\"articleSection\":[\"News\"],\"inLanguage\":\"fr-FR\"},{\"@type\":\"WebPage\",\"@id\":\"https:\/\/apcal.lu\/fr\/apcal-5eme-journee-du-courtage-3-octobre-2019\/\",\"url\":\"https:\/\/apcal.lu\/fr\/apcal-5eme-journee-du-courtage-3-octobre-2019\/\",\"name\":\"APCAL 5\u00e8me journ\u00e9e du courtage : 3 octobre 2019 - Apcal\",\"isPartOf\":{\"@id\":\"https:\/\/apcal.lu\/fr\/#website\"},\"primaryImageOfPage\":{\"@id\":\"https:\/\/apcal.lu\/fr\/apcal-5eme-journee-du-courtage-3-octobre-2019\/#primaryimage\"},\"image\":{\"@id\":\"https:\/\/apcal.lu\/fr\/apcal-5eme-journee-du-courtage-3-octobre-2019\/#primaryimage\"},\"thumbnailUrl\":\"https:\/\/apcal.lu\/wp-content\/uploads\/2021\/06\/journee-courtage-apcal-960x593-1.png\",\"datePublished\":\"2019-10-05T15:44:29+00:00\",\"dateModified\":\"2022-01-14T10:13:03+00:00\",\"author\":{\"@id\":\"https:\/\/apcal.lu\/fr\/#\/schema\/person\/078c317aaf69a53a0d76ccc89b6abe52\"},\"breadcrumb\":{\"@id\":\"https:\/\/apcal.lu\/fr\/apcal-5eme-journee-du-courtage-3-octobre-2019\/#breadcrumb\"},\"inLanguage\":\"fr-FR\",\"potentialAction\":[{\"@type\":\"ReadAction\",\"target\":[\"https:\/\/apcal.lu\/fr\/apcal-5eme-journee-du-courtage-3-octobre-2019\/\"]}]},{\"@type\":\"ImageObject\",\"inLanguage\":\"fr-FR\",\"@id\":\"https:\/\/apcal.lu\/fr\/apcal-5eme-journee-du-courtage-3-octobre-2019\/#primaryimage\",\"url\":\"https:\/\/apcal.lu\/wp-content\/uploads\/2021\/06\/journee-courtage-apcal-960x593-1.png\",\"contentUrl\":\"https:\/\/apcal.lu\/wp-content\/uploads\/2021\/06\/journee-courtage-apcal-960x593-1.png\",\"width\":960,\"height\":593,\"caption\":\"journ\u00e9e du courtage\"},{\"@type\":\"BreadcrumbList\",\"@id\":\"https:\/\/apcal.lu\/fr\/apcal-5eme-journee-du-courtage-3-octobre-2019\/#breadcrumb\",\"itemListElement\":[{\"@type\":\"ListItem\",\"position\":1,\"name\":\"Accueil\",\"item\":\"https:\/\/apcal.lu\/fr\/\"},{\"@type\":\"ListItem\",\"position\":2,\"name\":\"APCAL 5\u00e8me journ\u00e9e du courtage : 3 octobre 2019\"}]},{\"@type\":\"WebSite\",\"@id\":\"https:\/\/apcal.lu\/fr\/#website\",\"url\":\"https:\/\/apcal.lu\/fr\/\",\"name\":\"Apcal\",\"description\":\"Association des courtiers en assurance du Luxembourg\",\"potentialAction\":[{\"@type\":\"SearchAction\",\"target\":{\"@type\":\"EntryPoint\",\"urlTemplate\":\"https:\/\/apcal.lu\/fr\/?s={search_term_string}\"},\"query-input\":{\"@type\":\"PropertyValueSpecification\",\"valueRequired\":true,\"valueName\":\"search_term_string\"}}],\"inLanguage\":\"fr-FR\"},{\"@type\":\"Person\",\"@id\":\"https:\/\/apcal.lu\/fr\/#\/schema\/person\/078c317aaf69a53a0d76ccc89b6abe52\",\"name\":\"Val\u00e9rie Pierre\",\"image\":{\"@type\":\"ImageObject\",\"inLanguage\":\"fr-FR\",\"@id\":\"https:\/\/apcal.lu\/fr\/#\/schema\/person\/image\/\",\"url\":\"https:\/\/secure.gravatar.com\/avatar\/7592ed2431f48da31f401cb7fede6b8a86bf2999b40fe3c460dbca72217cb305?s=96&d=mm&r=g\",\"contentUrl\":\"https:\/\/secure.gravatar.com\/avatar\/7592ed2431f48da31f401cb7fede6b8a86bf2999b40fe3c460dbca72217cb305?s=96&d=mm&r=g\",\"caption\":\"Val\u00e9rie Pierre\"},\"url\":\"https:\/\/apcal.lu\/fr\/author\/vpierre\/\"}]}<\/script>\n<!-- \/ Yoast SEO plugin. -->","yoast_head_json":{"title":"APCAL 5\u00e8me journ\u00e9e du courtage : 3 octobre 2019 - Apcal","robots":{"index":"index","follow":"follow","max-snippet":"max-snippet:-1","max-image-preview":"max-image-preview:large","max-video-preview":"max-video-preview:-1"},"canonical":"https:\/\/apcal.lu\/fr\/apcal-5eme-journee-du-courtage-3-octobre-2019\/","og_locale":"fr_FR","og_type":"article","og_title":"APCAL 5\u00e8me journ\u00e9e du courtage : 3 octobre 2019 - Apcal","og_description":"Modern tools for Insurance and Brexit experiences Retrouvez\u00a0 le programme de la journ\u00e9e de courtage 2019 au format PDF contenant\u00a0le planning de la rencontre,\u00a0une pr\u00e9sentation d\u00e9taill\u00e9e de chaque intervenant, la\u00a0galerie photos\u00a0et les\u00a0pr\u00e9sentations Power Point.Programme de la journ\u00e9e : S\u00e9ance d\u2019ouverture par Mr Marco Caldana, President, APCAL Pr\u00e9sentation : \u00abFit &amp; Proper courtier\u00bb par Mr Claude [&hellip;]","og_url":"https:\/\/apcal.lu\/fr\/apcal-5eme-journee-du-courtage-3-octobre-2019\/","og_site_name":"Apcal","article_published_time":"2019-10-05T15:44:29+00:00","article_modified_time":"2022-01-14T10:13:03+00:00","og_image":[{"width":960,"height":593,"url":"https:\/\/apcal.lu\/wp-content\/uploads\/2021\/06\/journee-courtage-apcal-960x593-1.png","type":"image\/png"}],"author":"Val\u00e9rie Pierre","twitter_card":"summary_large_image","twitter_misc":{"\u00c9crit par":"Val\u00e9rie Pierre","Dur\u00e9e de lecture estim\u00e9e":"13 minutes"},"schema":{"@context":"https:\/\/schema.org","@graph":[{"@type":"Article","@id":"https:\/\/apcal.lu\/fr\/apcal-5eme-journee-du-courtage-3-octobre-2019\/#article","isPartOf":{"@id":"https:\/\/apcal.lu\/fr\/apcal-5eme-journee-du-courtage-3-octobre-2019\/"},"author":{"name":"Val\u00e9rie Pierre","@id":"https:\/\/apcal.lu\/fr\/#\/schema\/person\/078c317aaf69a53a0d76ccc89b6abe52"},"headline":"APCAL 5\u00e8me journ\u00e9e du courtage : 3 octobre 2019","datePublished":"2019-10-05T15:44:29+00:00","dateModified":"2022-01-14T10:13:03+00:00","mainEntityOfPage":{"@id":"https:\/\/apcal.lu\/fr\/apcal-5eme-journee-du-courtage-3-octobre-2019\/"},"wordCount":2687,"image":{"@id":"https:\/\/apcal.lu\/fr\/apcal-5eme-journee-du-courtage-3-octobre-2019\/#primaryimage"},"thumbnailUrl":"https:\/\/apcal.lu\/wp-content\/uploads\/2021\/06\/journee-courtage-apcal-960x593-1.png","articleSection":["News"],"inLanguage":"fr-FR"},{"@type":"WebPage","@id":"https:\/\/apcal.lu\/fr\/apcal-5eme-journee-du-courtage-3-octobre-2019\/","url":"https:\/\/apcal.lu\/fr\/apcal-5eme-journee-du-courtage-3-octobre-2019\/","name":"APCAL 5\u00e8me journ\u00e9e du courtage : 3 octobre 2019 - Apcal","isPartOf":{"@id":"https:\/\/apcal.lu\/fr\/#website"},"primaryImageOfPage":{"@id":"https:\/\/apcal.lu\/fr\/apcal-5eme-journee-du-courtage-3-octobre-2019\/#primaryimage"},"image":{"@id":"https:\/\/apcal.lu\/fr\/apcal-5eme-journee-du-courtage-3-octobre-2019\/#primaryimage"},"thumbnailUrl":"https:\/\/apcal.lu\/wp-content\/uploads\/2021\/06\/journee-courtage-apcal-960x593-1.png","datePublished":"2019-10-05T15:44:29+00:00","dateModified":"2022-01-14T10:13:03+00:00","author":{"@id":"https:\/\/apcal.lu\/fr\/#\/schema\/person\/078c317aaf69a53a0d76ccc89b6abe52"},"breadcrumb":{"@id":"https:\/\/apcal.lu\/fr\/apcal-5eme-journee-du-courtage-3-octobre-2019\/#breadcrumb"},"inLanguage":"fr-FR","potentialAction":[{"@type":"ReadAction","target":["https:\/\/apcal.lu\/fr\/apcal-5eme-journee-du-courtage-3-octobre-2019\/"]}]},{"@type":"ImageObject","inLanguage":"fr-FR","@id":"https:\/\/apcal.lu\/fr\/apcal-5eme-journee-du-courtage-3-octobre-2019\/#primaryimage","url":"https:\/\/apcal.lu\/wp-content\/uploads\/2021\/06\/journee-courtage-apcal-960x593-1.png","contentUrl":"https:\/\/apcal.lu\/wp-content\/uploads\/2021\/06\/journee-courtage-apcal-960x593-1.png","width":960,"height":593,"caption":"journ\u00e9e du courtage"},{"@type":"BreadcrumbList","@id":"https:\/\/apcal.lu\/fr\/apcal-5eme-journee-du-courtage-3-octobre-2019\/#breadcrumb","itemListElement":[{"@type":"ListItem","position":1,"name":"Accueil","item":"https:\/\/apcal.lu\/fr\/"},{"@type":"ListItem","position":2,"name":"APCAL 5\u00e8me journ\u00e9e du courtage : 3 octobre 2019"}]},{"@type":"WebSite","@id":"https:\/\/apcal.lu\/fr\/#website","url":"https:\/\/apcal.lu\/fr\/","name":"Apcal","description":"Association des courtiers en assurance du Luxembourg","potentialAction":[{"@type":"SearchAction","target":{"@type":"EntryPoint","urlTemplate":"https:\/\/apcal.lu\/fr\/?s={search_term_string}"},"query-input":{"@type":"PropertyValueSpecification","valueRequired":true,"valueName":"search_term_string"}}],"inLanguage":"fr-FR"},{"@type":"Person","@id":"https:\/\/apcal.lu\/fr\/#\/schema\/person\/078c317aaf69a53a0d76ccc89b6abe52","name":"Val\u00e9rie Pierre","image":{"@type":"ImageObject","inLanguage":"fr-FR","@id":"https:\/\/apcal.lu\/fr\/#\/schema\/person\/image\/","url":"https:\/\/secure.gravatar.com\/avatar\/7592ed2431f48da31f401cb7fede6b8a86bf2999b40fe3c460dbca72217cb305?s=96&d=mm&r=g","contentUrl":"https:\/\/secure.gravatar.com\/avatar\/7592ed2431f48da31f401cb7fede6b8a86bf2999b40fe3c460dbca72217cb305?s=96&d=mm&r=g","caption":"Val\u00e9rie Pierre"},"url":"https:\/\/apcal.lu\/fr\/author\/vpierre\/"}]}},"publishpress_future_action":{"enabled":false,"date":"2026-05-04 13:13:28","action":"change-status","newStatus":"trash","terms":[],"taxonomy":"category","extraData":[]},"publishpress_future_workflow_manual_trigger":{"enabledWorkflows":[]},"_links":{"self":[{"href":"https:\/\/apcal.lu\/fr\/wp-json\/wp\/v2\/posts\/2529","targetHints":{"allow":["GET"]}}],"collection":[{"href":"https:\/\/apcal.lu\/fr\/wp-json\/wp\/v2\/posts"}],"about":[{"href":"https:\/\/apcal.lu\/fr\/wp-json\/wp\/v2\/types\/post"}],"author":[{"embeddable":true,"href":"https:\/\/apcal.lu\/fr\/wp-json\/wp\/v2\/users\/156"}],"replies":[{"embeddable":true,"href":"https:\/\/apcal.lu\/fr\/wp-json\/wp\/v2\/comments?post=2529"}],"version-history":[{"count":4,"href":"https:\/\/apcal.lu\/fr\/wp-json\/wp\/v2\/posts\/2529\/revisions"}],"predecessor-version":[{"id":2934,"href":"https:\/\/apcal.lu\/fr\/wp-json\/wp\/v2\/posts\/2529\/revisions\/2934"}],"wp:featuredmedia":[{"embeddable":true,"href":"https:\/\/apcal.lu\/fr\/wp-json\/wp\/v2\/media\/367"}],"wp:attachment":[{"href":"https:\/\/apcal.lu\/fr\/wp-json\/wp\/v2\/media?parent=2529"}],"wp:term":[{"taxonomy":"category","embeddable":true,"href":"https:\/\/apcal.lu\/fr\/wp-json\/wp\/v2\/categories?post=2529"},{"taxonomy":"post_tag","embeddable":true,"href":"https:\/\/apcal.lu\/fr\/wp-json\/wp\/v2\/tags?post=2529"}],"curies":[{"name":"wp","href":"https:\/\/api.w.org\/{rel}","templated":true}]}}