{"id":131,"date":"2021-02-27T17:50:52","date_gmt":"2021-02-27T16:50:52","guid":{"rendered":"https:\/\/web.apcal.lu\/?p=131"},"modified":"2022-01-14T11:14:10","modified_gmt":"2022-01-14T10:14:10","slug":"evaluation-nationale-des-risques-de-blanchiment-de-capitaux-et-de-financement-du-terrorisme","status":"publish","type":"post","link":"https:\/\/apcal.lu\/fr\/evaluation-nationale-des-risques-de-blanchiment-de-capitaux-et-de-financement-du-terrorisme\/","title":{"rendered":"\u00c9valuation nationale des risques de blanchiment de capitaux"},"content":{"rendered":"<p>[et_pb_section fb_built=\u00a0\u00bb1&Prime; _builder_version=\u00a0\u00bb4.9.7&Prime; _module_preset=\u00a0\u00bbdefault\u00a0\u00bb global_colors_info=\u00a0\u00bb{}\u00a0\u00bb][et_pb_row _builder_version=\u00a0\u00bb4.9.7&Prime; _module_preset=\u00a0\u00bbdefault\u00a0\u00bb global_colors_info=\u00a0\u00bb{}\u00a0\u00bb][et_pb_column type=\u00a0\u00bb4_4&Prime; _builder_version=\u00a0\u00bb4.9.7&Prime; _module_preset=\u00a0\u00bbdefault\u00a0\u00bb global_colors_info=\u00a0\u00bb{}\u00a0\u00bb][et_pb_text admin_label=\u00a0\u00bbH1 &#8211; titre du post\u00a0\u00bb _builder_version=\u00a0\u00bb4.9.7&Prime; _module_preset=\u00a0\u00bbdefault\u00a0\u00bb header_text_color=\u00a0\u00bb#55547D\u00a0\u00bb header_line_height=\u00a0\u00bb1.2em\u00a0\u00bb global_colors_info=\u00a0\u00bb{}\u00a0\u00bb]<\/p>\n<h1 class=\"entry-title\">\u00c9valuation nationale des risques de blanchiment de capitaux et de financement du terrorisme<\/h1>\n<p>[\/et_pb_text][et_pb_image src=\u00a0\u00bbhttps:\/\/apcal.lu\/wp-content\/uploads\/2021\/06\/justice-luxembourg.jpg\u00a0\u00bb alt=\u00a0\u00bbJustice Luxembourg\u00a0\u00bb title_text=\u00a0\u00bbjustice-luxembourg\u00a0\u00bb _builder_version=\u00a0\u00bb4.9.7&Prime; _module_preset=\u00a0\u00bbdefault\u00a0\u00bb border_radii=\u00a0\u00bbon|5px|5px|5px|5px\u00a0\u00bb box_shadow_style=\u00a0\u00bbpreset3&Prime; global_colors_info=\u00a0\u00bb{}\u00a0\u00bb][\/et_pb_image][\/et_pb_column][\/et_pb_row][et_pb_row _builder_version=\u00a0\u00bb4.14.1&Prime; _module_preset=\u00a0\u00bbdefault\u00a0\u00bb custom_margin=\u00a0\u00bb||0px||false|false\u00a0\u00bb custom_padding=\u00a0\u00bb||0px||false|false\u00a0\u00bb hover_enabled=\u00a0\u00bb0&Prime; global_colors_info=\u00a0\u00bb{}\u00a0\u00bb sticky_enabled=\u00a0\u00bb0&Prime;][et_pb_column type=\u00a0\u00bb4_4&Prime; _builder_version=\u00a0\u00bb4.9.7&Prime; _module_preset=\u00a0\u00bbdefault\u00a0\u00bb global_colors_info=\u00a0\u00bb{}\u00a0\u00bb][et_pb_text ul_item_indent=\u00a0\u00bb40px\u00a0\u00bb _builder_version=\u00a0\u00bb4.9.7&Prime; _module_preset=\u00a0\u00bbdefault\u00a0\u00bb text_line_height=\u00a0\u00bb1.8em\u00a0\u00bb ul_font=\u00a0\u00bb||||||||\u00a0\u00bb quote_font=\u00a0\u00bb||on||||||\u00a0\u00bb quote_text_color=\u00a0\u00bb#55547D\u00a0\u00bb quote_font_size=\u00a0\u00bb16px\u00a0\u00bb header_font=\u00a0\u00bb||||||||\u00a0\u00bb header_2_font=\u00a0\u00bb|||on|||||\u00a0\u00bb header_2_line_height=\u00a0\u00bb2em\u00a0\u00bb header_3_text_color=\u00a0\u00bb#C2974C\u00a0\u00bb header_3_font_size=\u00a0\u00bb20px\u00a0\u00bb header_3_line_height=\u00a0\u00bb1.4em\u00a0\u00bb custom_margin=\u00a0\u00bb||40px||false|false\u00a0\u00bb border_color_bottom=\u00a0\u00bb#7886A2&Prime; global_colors_info=\u00a0\u00bb{}\u00a0\u00bb]<\/p>\n<p>Nous tenons \u00e0 attirer votre attention sur la publication par le Minist\u00e8re de la justice de la nouvelle \u00e9valuation nationale des risques de blanchiment de capitaux et de financement du terrorisme, avec notamment un r\u00e9sum\u00e9 en fran\u00e7ais.<\/p>\n<div class=\"page\" title=\"Page 1\">\n<div class=\"layoutArea\">\n<div class=\"column\">\n<p><a href=\"https:\/\/mj.gouvernement.lu\/dam-assets\/dossiers\/blanchiment\/ENR-2020-resume-en-francais.pdf\">RESUME DE L\u2019EVALUATION NATIONALE DES RISQUES DE BLANCHIMENT DE CAPITAUX ET DE FINANCEMENT DU TERRORISME 2020<\/a><\/p>\n<p>&nbsp;<\/p>\n<\/div>\n<\/div>\n<\/div>\n<p>[\/et_pb_text][\/et_pb_column][\/et_pb_row][\/et_pb_section][et_pb_section fb_built=\u00a0\u00bb1&Prime; _builder_version=\u00a0\u00bb4.9.7&Prime; _module_preset=\u00a0\u00bbdefault\u00a0\u00bb global_module=\u00a0\u00bb448&Prime; saved_tabs=\u00a0\u00bball\u00a0\u00bb global_colors_info=\u00a0\u00bb{}\u00a0\u00bb][et_pb_row _builder_version=\u00a0\u00bb4.9.7&Prime; _module_preset=\u00a0\u00bbdefault\u00a0\u00bb module_alignment=\u00a0\u00bbcenter\u00a0\u00bb custom_margin=\u00a0\u00bb0px|0px|0px|0px|false|false\u00a0\u00bb custom_padding=\u00a0\u00bb0px|0px|0px|0px|false|false\u00a0\u00bb global_colors_info=\u00a0\u00bb{}\u00a0\u00bb][et_pb_column type=\u00a0\u00bb4_4&Prime; _builder_version=\u00a0\u00bb4.9.7&Prime; _module_preset=\u00a0\u00bbdefault\u00a0\u00bb global_colors_info=\u00a0\u00bb{}\u00a0\u00bb][et_pb_text admin_label=\u00a0\u00bbPlatinium\u00a0\u00bb _builder_version=\u00a0\u00bb4.13.0&Prime; _module_preset=\u00a0\u00bbdefault\u00a0\u00bb header_3_font=\u00a0\u00bb|600|||||||\u00a0\u00bb header_3_text_align=\u00a0\u00bbcenter\u00a0\u00bb custom_margin=\u00a0\u00bb0px|0px|0px|0px|false|false\u00a0\u00bb custom_padding=\u00a0\u00bb0px|0px|0px|0px|false|false\u00a0\u00bb global_colors_info=\u00a0\u00bb{}\u00a0\u00bb]<\/p>\n<h3>Sponsor Platinium<\/h3>\n<p>[\/et_pb_text][\/et_pb_column][\/et_pb_row][et_pb_row admin_label=\u00a0\u00bbPartenaires\u00a0\u00bb _builder_version=\u00a0\u00bb4.13.0&Prime; _module_preset=\u00a0\u00bbdefault\u00a0\u00bb module_alignment=\u00a0\u00bbcenter\u00a0\u00bb custom_margin=\u00a0\u00bb10px||70px||false|false\u00a0\u00bb custom_padding=\u00a0\u00bb40px|0px|0px|0px|false|false\u00a0\u00bb global_colors_info=\u00a0\u00bb{}\u00a0\u00bb][et_pb_column type=\u00a0\u00bb4_4&Prime; _builder_version=\u00a0\u00bb4.9.7&Prime; _module_preset=\u00a0\u00bbdefault\u00a0\u00bb global_colors_info=\u00a0\u00bb{}\u00a0\u00bb][et_pb_image src=\u00a0\u00bbhttps:\/\/apcal.lu\/wp-content\/uploads\/2021\/09\/Mondiale-europartner.png\u00a0\u00bb alt=\u00a0\u00bbMondiale europartner\u00a0\u00bb title_text=\u00a0\u00bbMondiale-europartner\u00a0\u00bb url=\u00a0\u00bbhttps:\/\/www.lamondiale.lu\u00a0\u00bb align=\u00a0\u00bbcenter\u00a0\u00bb admin_label=\u00a0\u00bbMondiale\u00a0\u00bb _builder_version=\u00a0\u00bb4.13.0&Prime; _module_preset=\u00a0\u00bbdefault\u00a0\u00bb border_radii=\u00a0\u00bbon|5px|5px|5px|5px\u00a0\u00bb box_shadow_style=\u00a0\u00bbpreset3&Prime; global_colors_info=\u00a0\u00bb{}\u00a0\u00bb][\/et_pb_image][\/et_pb_column][\/et_pb_row][et_pb_row _builder_version=\u00a0\u00bb4.9.7&Prime; _module_preset=\u00a0\u00bbdefault\u00a0\u00bb module_alignment=\u00a0\u00bbcenter\u00a0\u00bb custom_margin=\u00a0\u00bb0px|0px|0px|0px|false|false\u00a0\u00bb custom_padding=\u00a0\u00bb0px|0px|0px|0px|false|false\u00a0\u00bb global_colors_info=\u00a0\u00bb{}\u00a0\u00bb][et_pb_column type=\u00a0\u00bb4_4&Prime; _builder_version=\u00a0\u00bb4.9.7&Prime; _module_preset=\u00a0\u00bbdefault\u00a0\u00bb global_colors_info=\u00a0\u00bb{}\u00a0\u00bb][et_pb_text admin_label=\u00a0\u00bbGold\u00a0\u00bb _builder_version=\u00a0\u00bb4.11.1&Prime; _module_preset=\u00a0\u00bbdefault\u00a0\u00bb header_3_font=\u00a0\u00bb|600|||||||\u00a0\u00bb header_3_text_align=\u00a0\u00bbcenter\u00a0\u00bb custom_margin=\u00a0\u00bb0px|0px|0px|0px|false|false\u00a0\u00bb custom_padding=\u00a0\u00bb0px|0px|0px|0px|false|false\u00a0\u00bb global_colors_info=\u00a0\u00bb{}\u00a0\u00bb]<\/p>\n<h3>Sponsors Gold<\/h3>\n<p>[\/et_pb_text][\/et_pb_column][\/et_pb_row][et_pb_row column_structure=\u00a0\u00bb1_5,1_5,1_5,1_5,1_5&Prime; use_custom_gutter=\u00a0\u00bbon\u00a0\u00bb gutter_width=\u00a0\u00bb2&Prime; admin_label=\u00a0\u00bbPartenaires\u00a0\u00bb _builder_version=\u00a0\u00bb4.9.7&Prime; _module_preset=\u00a0\u00bbdefault\u00a0\u00bb custom_margin=\u00a0\u00bb10px||10px||false|false\u00a0\u00bb custom_padding=\u00a0\u00bb40px|0px|0px|0px|false|false\u00a0\u00bb global_colors_info=\u00a0\u00bb{}\u00a0\u00bb][et_pb_column type=\u00a0\u00bb1_5&Prime; _builder_version=\u00a0\u00bb4.9.7&Prime; _module_preset=\u00a0\u00bbdefault\u00a0\u00bb global_colors_info=\u00a0\u00bb{}\u00a0\u00bb][et_pb_image src=\u00a0\u00bbhttps:\/\/apcal.lu\/wp-content\/uploads\/2021\/09\/Mondiale-europartner.png\u00a0\u00bb alt=\u00a0\u00bbMondiale europartner\u00a0\u00bb title_text=\u00a0\u00bbMondiale-europartner\u00a0\u00bb url=\u00a0\u00bbhttps:\/\/www.lamondiale.lu\u00a0\u00bb admin_label=\u00a0\u00bbMondiale\u00a0\u00bb _builder_version=\u00a0\u00bb4.13.0&Prime; _module_preset=\u00a0\u00bbdefault\u00a0\u00bb border_radii=\u00a0\u00bbon|5px|5px|5px|5px\u00a0\u00bb box_shadow_style=\u00a0\u00bbpreset3&Prime; global_colors_info=\u00a0\u00bb{}\u00a0\u00bb][\/et_pb_image][\/et_pb_column][et_pb_column type=\u00a0\u00bb1_5&Prime; _builder_version=\u00a0\u00bb4.9.7&Prime; _module_preset=\u00a0\u00bbdefault\u00a0\u00bb global_colors_info=\u00a0\u00bb{}\u00a0\u00bb][et_pb_image src=\u00a0\u00bbhttps:\/\/apcal.lu\/wp-content\/uploads\/2021\/09\/aig-europe.png\u00a0\u00bb alt=\u00a0\u00bbAIG\u00a0\u00bb title_text=\u00a0\u00bbaig-europe\u00a0\u00bb url=\u00a0\u00bbhttp:\/\/www.aig.lu\/\u00a0\u00bb admin_label=\u00a0\u00bbAIG\u00a0\u00bb _builder_version=\u00a0\u00bb4.13.0&Prime; _module_preset=\u00a0\u00bbdefault\u00a0\u00bb border_radii=\u00a0\u00bbon|5px|5px|5px|5px\u00a0\u00bb box_shadow_style=\u00a0\u00bbpreset3&Prime; global_colors_info=\u00a0\u00bb{}\u00a0\u00bb][\/et_pb_image][\/et_pb_column][et_pb_column type=\u00a0\u00bb1_5&Prime; _builder_version=\u00a0\u00bb4.9.7&Prime; _module_preset=\u00a0\u00bbdefault\u00a0\u00bb global_colors_info=\u00a0\u00bb{}\u00a0\u00bb][et_pb_image src=\u00a0\u00bbhttps:\/\/apcal.lu\/wp-content\/uploads\/2021\/09\/allianz-Life-Luxembourg.png\u00a0\u00bb alt=\u00a0\u00bbAllianz\u00a0\u00bb title_text=\u00a0\u00bballianz-Life-Luxembourg\u00a0\u00bb url=\u00a0\u00bbhttp:\/\/www.allianz.lu\/\u00a0\u00bb admin_label=\u00a0\u00bbAllianze\u00a0\u00bb _builder_version=\u00a0\u00bb4.13.0&Prime; _module_preset=\u00a0\u00bbdefault\u00a0\u00bb border_radii=\u00a0\u00bbon|5px|5px|5px|5px\u00a0\u00bb box_shadow_style=\u00a0\u00bbpreset3&Prime; global_colors_info=\u00a0\u00bb{}\u00a0\u00bb][\/et_pb_image][\/et_pb_column][et_pb_column type=\u00a0\u00bb1_5&Prime; _builder_version=\u00a0\u00bb4.9.7&Prime; _module_preset=\u00a0\u00bbdefault\u00a0\u00bb global_colors_info=\u00a0\u00bb{}\u00a0\u00bb][et_pb_image src=\u00a0\u00bbhttps:\/\/apcal.lu\/wp-content\/uploads\/2021\/09\/arendt-medernach.png\u00a0\u00bb alt=\u00a0\u00bbarendt\u00a0\u00bb title_text=\u00a0\u00bbarendt-medernach\u00a0\u00bb url=\u00a0\u00bbhttps:\/\/www.arendt.com\/\u00a0\u00bb admin_label=\u00a0\u00bbArendt\u00a0\u00bb _builder_version=\u00a0\u00bb4.13.0&Prime; _module_preset=\u00a0\u00bbdefault\u00a0\u00bb border_radii=\u00a0\u00bbon|5px|5px|5px|5px\u00a0\u00bb box_shadow_style=\u00a0\u00bbpreset3&Prime; global_colors_info=\u00a0\u00bb{}\u00a0\u00bb][\/et_pb_image][\/et_pb_column][et_pb_column type=\u00a0\u00bb1_5&Prime; _builder_version=\u00a0\u00bb4.9.7&Prime; _module_preset=\u00a0\u00bbdefault\u00a0\u00bb global_colors_info=\u00a0\u00bb{}\u00a0\u00bb][et_pb_image src=\u00a0\u00bbhttps:\/\/apcal.lu\/wp-content\/uploads\/2021\/09\/cardif-lux-vie.png\u00a0\u00bb alt=\u00a0\u00bbcardif lux vie\u00a0\u00bb title_text=\u00a0\u00bbcardif-lux-vie\u00a0\u00bb url=\u00a0\u00bbhttps:\/\/cardifluxvie.com\/\u00a0\u00bb admin_label=\u00a0\u00bbCardif\u00a0\u00bb _builder_version=\u00a0\u00bb4.13.0&Prime; _module_preset=\u00a0\u00bbdefault\u00a0\u00bb border_radii=\u00a0\u00bbon|5px|5px|5px|5px\u00a0\u00bb box_shadow_style=\u00a0\u00bbpreset3&Prime; global_colors_info=\u00a0\u00bb{}\u00a0\u00bb][\/et_pb_image][\/et_pb_column][\/et_pb_row][et_pb_row column_structure=\u00a0\u00bb1_5,1_5,1_5,1_5,1_5&Prime; use_custom_gutter=\u00a0\u00bbon\u00a0\u00bb gutter_width=\u00a0\u00bb2&Prime; admin_label=\u00a0\u00bbPartenaires\u00a0\u00bb _builder_version=\u00a0\u00bb4.9.7&Prime; _module_preset=\u00a0\u00bbdefault\u00a0\u00bb custom_margin=\u00a0\u00bb10px||60px||false|false\u00a0\u00bb custom_padding=\u00a0\u00bb30px|0px|0px|0px|false|false\u00a0\u00bb global_colors_info=\u00a0\u00bb{}\u00a0\u00bb][et_pb_column type=\u00a0\u00bb1_5&Prime; _builder_version=\u00a0\u00bb4.9.7&Prime; _module_preset=\u00a0\u00bbdefault\u00a0\u00bb global_colors_info=\u00a0\u00bb{}\u00a0\u00bb][et_pb_image src=\u00a0\u00bbhttps:\/\/apcal.lu\/wp-content\/uploads\/2021\/09\/lalux-luxembourg.png\u00a0\u00bb alt=\u00a0\u00bbLalux\u00a0\u00bb title_text=\u00a0\u00bblalux-luxembourg\u00a0\u00bb url=\u00a0\u00bbhttps:\/\/www.lalux.lu\/fr\u00a0\u00bb admin_label=\u00a0\u00bbLalux\u00a0\u00bb _builder_version=\u00a0\u00bb4.13.0&Prime; _module_preset=\u00a0\u00bbdefault\u00a0\u00bb border_radii=\u00a0\u00bbon|5px|5px|5px|5px\u00a0\u00bb box_shadow_style=\u00a0\u00bbpreset3&Prime; global_colors_info=\u00a0\u00bb{}\u00a0\u00bb][\/et_pb_image][\/et_pb_column][et_pb_column type=\u00a0\u00bb1_5&Prime; _builder_version=\u00a0\u00bb4.9.7&Prime; _module_preset=\u00a0\u00bbdefault\u00a0\u00bb global_colors_info=\u00a0\u00bb{}\u00a0\u00bb][et_pb_image src=\u00a0\u00bbhttps:\/\/apcal.lu\/wp-content\/uploads\/2021\/09\/lombard-international-assurance.png\u00a0\u00bb alt=\u00a0\u00bblombard international assurance\u00a0\u00bb title_text=\u00a0\u00bblombard-international-assurance\u00a0\u00bb url=\u00a0\u00bbhttps:\/\/www.lombardinternational.com\/\u00a0\u00bb admin_label=\u00a0\u00bbLombard\u00a0\u00bb _builder_version=\u00a0\u00bb4.13.0&Prime; _module_preset=\u00a0\u00bbdefault\u00a0\u00bb border_radii=\u00a0\u00bbon|5px|5px|5px|5px\u00a0\u00bb box_shadow_style=\u00a0\u00bbpreset3&Prime; global_colors_info=\u00a0\u00bb{}\u00a0\u00bb][\/et_pb_image][\/et_pb_column][et_pb_column type=\u00a0\u00bb1_5&Prime; _builder_version=\u00a0\u00bb4.9.7&Prime; _module_preset=\u00a0\u00bbdefault\u00a0\u00bb global_colors_info=\u00a0\u00bb{}\u00a0\u00bb][et_pb_image src=\u00a0\u00bbhttps:\/\/apcal.lu\/wp-content\/uploads\/2021\/09\/pwc-luxembourg.png\u00a0\u00bb alt=\u00a0\u00bbpwc\u00a0\u00bb title_text=\u00a0\u00bbpwc-luxembourg\u00a0\u00bb url=\u00a0\u00bbhttps:\/\/www.pwc.lu\/\u00a0\u00bb admin_label=\u00a0\u00bbPWC\u00a0\u00bb _builder_version=\u00a0\u00bb4.13.0&Prime; _module_preset=\u00a0\u00bbdefault\u00a0\u00bb border_radii=\u00a0\u00bbon|5px|5px|5px|5px\u00a0\u00bb box_shadow_style=\u00a0\u00bbpreset3&Prime; global_colors_info=\u00a0\u00bb{}\u00a0\u00bb][\/et_pb_image][\/et_pb_column][et_pb_column type=\u00a0\u00bb1_5&Prime; _builder_version=\u00a0\u00bb4.9.7&Prime; _module_preset=\u00a0\u00bbdefault\u00a0\u00bb global_colors_info=\u00a0\u00bb{}\u00a0\u00bb][et_pb_image src=\u00a0\u00bbhttps:\/\/apcal.lu\/wp-content\/uploads\/2021\/09\/axa-luxembourg.png\u00a0\u00bb alt=\u00a0\u00bbaxa\u00a0\u00bb title_text=\u00a0\u00bbaxa-luxembourg\u00a0\u00bb url=\u00a0\u00bbhttp:\/\/www.axa.lu\/\u00a0\u00bb admin_label=\u00a0\u00bbAxa\u00a0\u00bb _builder_version=\u00a0\u00bb4.13.0&Prime; _module_preset=\u00a0\u00bbdefault\u00a0\u00bb border_radii=\u00a0\u00bbon|5px|5px|5px|5px\u00a0\u00bb box_shadow_style=\u00a0\u00bbpreset3&Prime; global_colors_info=\u00a0\u00bb{}\u00a0\u00bb][\/et_pb_image][\/et_pb_column][et_pb_column type=\u00a0\u00bb1_5&Prime; _builder_version=\u00a0\u00bb4.9.7&Prime; _module_preset=\u00a0\u00bbdefault\u00a0\u00bb global_colors_info=\u00a0\u00bb{}\u00a0\u00bb][\/et_pb_column][\/et_pb_row][et_pb_row _builder_version=\u00a0\u00bb4.9.7&Prime; _module_preset=\u00a0\u00bbdefault\u00a0\u00bb module_alignment=\u00a0\u00bbcenter\u00a0\u00bb global_colors_info=\u00a0\u00bb{}\u00a0\u00bb][et_pb_column type=\u00a0\u00bb4_4&Prime; _builder_version=\u00a0\u00bb4.9.7&Prime; _module_preset=\u00a0\u00bbdefault\u00a0\u00bb global_colors_info=\u00a0\u00bb{}\u00a0\u00bb][et_pb_text admin_label=\u00a0\u00bbSilver\u00a0\u00bb _builder_version=\u00a0\u00bb4.9.7&Prime; _module_preset=\u00a0\u00bbdefault\u00a0\u00bb header_3_text_align=\u00a0\u00bbcenter\u00a0\u00bb header_3_font_size=\u00a0\u00bb20px\u00a0\u00bb custom_margin=\u00a0\u00bb0px|0px|0px|0px|false|false\u00a0\u00bb custom_padding=\u00a0\u00bb0px|0px|0px|0px|false|false\u00a0\u00bb global_colors_info=\u00a0\u00bb{}\u00a0\u00bb]<\/p>\n<h3>Sponsors Silver<\/h3>\n<p>[\/et_pb_text][\/et_pb_column][\/et_pb_row][et_pb_row column_structure=\u00a0\u00bb1_4,1_4,1_4,1_4&Prime; use_custom_gutter=\u00a0\u00bbon\u00a0\u00bb gutter_width=\u00a0\u00bb2&Prime; admin_label=\u00a0\u00bbPartenaires\u00a0\u00bb _builder_version=\u00a0\u00bb4.9.7&Prime; _module_preset=\u00a0\u00bbdefault\u00a0\u00bb custom_margin=\u00a0\u00bb10px||10px||false|false\u00a0\u00bb custom_padding=\u00a0\u00bb30px|0px|0px|0px|false|false\u00a0\u00bb global_colors_info=\u00a0\u00bb{}\u00a0\u00bb][et_pb_column type=\u00a0\u00bb1_4&Prime; _builder_version=\u00a0\u00bb4.9.7&Prime; _module_preset=\u00a0\u00bbdefault\u00a0\u00bb global_colors_info=\u00a0\u00bb{}\u00a0\u00bb][et_pb_image src=\u00a0\u00bbhttps:\/\/apcal.lu\/wp-content\/uploads\/2021\/09\/baloise-assurances-luxembourg.png\u00a0\u00bb alt=\u00a0\u00bbBaloise\u00a0\u00bb title_text=\u00a0\u00bbbaloise-assurances-luxembourg\u00a0\u00bb url=\u00a0\u00bbhttp:\/\/www.baloise.lu\/\u00a0\u00bb admin_label=\u00a0\u00bbBaloise\u00a0\u00bb _builder_version=\u00a0\u00bb4.13.0&Prime; _module_preset=\u00a0\u00bbdefault\u00a0\u00bb width=\u00a0\u00bb70%\u00a0\u00bb module_alignment=\u00a0\u00bbcenter\u00a0\u00bb border_radii=\u00a0\u00bbon|5px|5px|5px|5px\u00a0\u00bb box_shadow_style=\u00a0\u00bbpreset3&Prime; global_colors_info=\u00a0\u00bb{}\u00a0\u00bb][\/et_pb_image][\/et_pb_column][et_pb_column type=\u00a0\u00bb1_4&Prime; _builder_version=\u00a0\u00bb4.9.7&Prime; _module_preset=\u00a0\u00bbdefault\u00a0\u00bb global_colors_info=\u00a0\u00bb{}\u00a0\u00bb][et_pb_image src=\u00a0\u00bbhttps:\/\/apcal.lu\/wp-content\/uploads\/2021\/09\/cnp-luxembourg.jpg\u00a0\u00bb alt=\u00a0\u00bbCNP Luxembourg\u00a0\u00bb title_text=\u00a0\u00bbcnp-luxembourg\u00a0\u00bb url=\u00a0\u00bbhttps:\/\/www.cnpluxembourg.lu\/\u00a0\u00bb admin_label=\u00a0\u00bbCNP\u00a0\u00bb _builder_version=\u00a0\u00bb4.13.0&Prime; _module_preset=\u00a0\u00bbdefault\u00a0\u00bb width=\u00a0\u00bb70%\u00a0\u00bb module_alignment=\u00a0\u00bbcenter\u00a0\u00bb border_radii=\u00a0\u00bbon|5px|5px|5px|5px\u00a0\u00bb box_shadow_style=\u00a0\u00bbpreset3&Prime; global_colors_info=\u00a0\u00bb{}\u00a0\u00bb][\/et_pb_image][\/et_pb_column][et_pb_column type=\u00a0\u00bb1_4&Prime; _builder_version=\u00a0\u00bb4.9.7&Prime; _module_preset=\u00a0\u00bbdefault\u00a0\u00bb global_colors_info=\u00a0\u00bb{}\u00a0\u00bb][et_pb_image src=\u00a0\u00bbhttps:\/\/apcal.lu\/wp-content\/uploads\/2021\/09\/vitis-life.png\u00a0\u00bb alt=\u00a0\u00bbVitis Life\u00a0\u00bb title_text=\u00a0\u00bbvitis-life\u00a0\u00bb url=\u00a0\u00bbhttps:\/\/www.vitislife.com\/\u00a0\u00bb admin_label=\u00a0\u00bbvitislife\u00a0\u00bb _builder_version=\u00a0\u00bb4.13.0&Prime; _module_preset=\u00a0\u00bbdefault\u00a0\u00bb width=\u00a0\u00bb70%\u00a0\u00bb module_alignment=\u00a0\u00bbcenter\u00a0\u00bb border_radii=\u00a0\u00bbon|5px|5px|5px|5px\u00a0\u00bb box_shadow_style=\u00a0\u00bbpreset3&Prime; global_colors_info=\u00a0\u00bb{}\u00a0\u00bb][\/et_pb_image][\/et_pb_column][et_pb_column type=\u00a0\u00bb1_4&Prime; _builder_version=\u00a0\u00bb4.9.7&Prime; _module_preset=\u00a0\u00bbdefault\u00a0\u00bb global_colors_info=\u00a0\u00bb{}\u00a0\u00bb][et_pb_image src=\u00a0\u00bbhttps:\/\/apcal.lu\/wp-content\/uploads\/2021\/09\/foyer.png\u00a0\u00bb alt=\u00a0\u00bbFoyer\u00a0\u00bb title_text=\u00a0\u00bbvitis-life\u00a0\u00bb url=\u00a0\u00bbhttps:\/\/www.foyer.lu\/\u00a0\u00bb admin_label=\u00a0\u00bbFoyer\u00a0\u00bb _builder_version=\u00a0\u00bb4.13.0&Prime; _module_preset=\u00a0\u00bbdefault\u00a0\u00bb width=\u00a0\u00bb70%\u00a0\u00bb module_alignment=\u00a0\u00bbcenter\u00a0\u00bb border_radii=\u00a0\u00bbon|5px|5px|5px|5px\u00a0\u00bb box_shadow_style=\u00a0\u00bbpreset3&Prime; global_colors_info=\u00a0\u00bb{}\u00a0\u00bb][\/et_pb_image][\/et_pb_column][\/et_pb_row][\/et_pb_section]<\/p>\n","protected":false},"excerpt":{"rendered":"<p>Nous tenons \u00e0 attirer votre attention sur la publication par le Minist\u00e8re de la justice de la nouvelle \u00e9valuation nationale des risques de blanchiment de capitaux et de financement du terrorisme, avec notamment un r\u00e9sum\u00e9 en fran\u00e7ais.<\/p>\n","protected":false},"author":156,"featured_media":135,"comment_status":"closed","ping_status":"closed","sticky":false,"template":"","format":"standard","meta":{"_et_pb_use_builder":"on","_et_pb_old_content":"","_et_gb_content_width":"","footnotes":""},"categories":[33,1],"tags":[],"class_list":["post-131","post","type-post","status-publish","format-standard","has-post-thumbnail","hentry","category-aml","category-news"],"yoast_head":"<!-- This site is optimized with the Yoast SEO plugin v26.7 - https:\/\/yoast.com\/wordpress\/plugins\/seo\/ -->\n<title>\u00c9valuation nationale des risques de blanchiment de capitaux - Apcal<\/title>\n<meta name=\"robots\" content=\"index, follow, max-snippet:-1, max-image-preview:large, max-video-preview:-1\" \/>\n<link rel=\"canonical\" href=\"https:\/\/apcal.lu\/fr\/evaluation-nationale-des-risques-de-blanchiment-de-capitaux-et-de-financement-du-terrorisme\/\" \/>\n<meta property=\"og:locale\" content=\"fr_FR\" \/>\n<meta property=\"og:type\" content=\"article\" \/>\n<meta property=\"og:title\" content=\"\u00c9valuation nationale des risques de blanchiment de capitaux - Apcal\" \/>\n<meta property=\"og:description\" content=\"Nous tenons \u00e0 attirer votre attention sur la publication par le Minist\u00e8re de la justice de la nouvelle \u00e9valuation nationale des risques de blanchiment de capitaux et de financement du terrorisme, avec notamment un r\u00e9sum\u00e9 en fran\u00e7ais.\" \/>\n<meta property=\"og:url\" content=\"https:\/\/apcal.lu\/fr\/evaluation-nationale-des-risques-de-blanchiment-de-capitaux-et-de-financement-du-terrorisme\/\" \/>\n<meta property=\"og:site_name\" content=\"Apcal\" \/>\n<meta property=\"article:published_time\" content=\"2021-02-27T16:50:52+00:00\" \/>\n<meta property=\"article:modified_time\" content=\"2022-01-14T10:14:10+00:00\" \/>\n<meta property=\"og:image\" content=\"https:\/\/apcal.lu\/wp-content\/uploads\/2021\/06\/justice-luxembourg.jpg\" \/>\n\t<meta property=\"og:image:width\" content=\"400\" \/>\n\t<meta property=\"og:image:height\" content=\"243\" \/>\n\t<meta property=\"og:image:type\" content=\"image\/jpeg\" \/>\n<meta name=\"author\" content=\"Val\u00e9rie Pierre\" \/>\n<meta name=\"twitter:card\" content=\"summary_large_image\" \/>\n<meta name=\"twitter:label1\" content=\"\u00c9crit par\" \/>\n\t<meta name=\"twitter:data1\" content=\"Val\u00e9rie Pierre\" \/>\n\t<meta name=\"twitter:label2\" content=\"Dur\u00e9e de lecture estim\u00e9e\" \/>\n\t<meta name=\"twitter:data2\" content=\"8 minutes\" \/>\n<script type=\"application\/ld+json\" class=\"yoast-schema-graph\">{\"@context\":\"https:\/\/schema.org\",\"@graph\":[{\"@type\":\"Article\",\"@id\":\"https:\/\/apcal.lu\/fr\/evaluation-nationale-des-risques-de-blanchiment-de-capitaux-et-de-financement-du-terrorisme\/#article\",\"isPartOf\":{\"@id\":\"https:\/\/apcal.lu\/fr\/evaluation-nationale-des-risques-de-blanchiment-de-capitaux-et-de-financement-du-terrorisme\/\"},\"author\":{\"name\":\"Val\u00e9rie Pierre\",\"@id\":\"https:\/\/apcal.lu\/fr\/#\/schema\/person\/078c317aaf69a53a0d76ccc89b6abe52\"},\"headline\":\"\u00c9valuation nationale des risques de blanchiment de capitaux\",\"datePublished\":\"2021-02-27T16:50:52+00:00\",\"dateModified\":\"2022-01-14T10:14:10+00:00\",\"mainEntityOfPage\":{\"@id\":\"https:\/\/apcal.lu\/fr\/evaluation-nationale-des-risques-de-blanchiment-de-capitaux-et-de-financement-du-terrorisme\/\"},\"wordCount\":1619,\"image\":{\"@id\":\"https:\/\/apcal.lu\/fr\/evaluation-nationale-des-risques-de-blanchiment-de-capitaux-et-de-financement-du-terrorisme\/#primaryimage\"},\"thumbnailUrl\":\"https:\/\/apcal.lu\/wp-content\/uploads\/2021\/06\/justice-luxembourg.jpg\",\"articleSection\":[\"AML\",\"News\"],\"inLanguage\":\"fr-FR\"},{\"@type\":\"WebPage\",\"@id\":\"https:\/\/apcal.lu\/fr\/evaluation-nationale-des-risques-de-blanchiment-de-capitaux-et-de-financement-du-terrorisme\/\",\"url\":\"https:\/\/apcal.lu\/fr\/evaluation-nationale-des-risques-de-blanchiment-de-capitaux-et-de-financement-du-terrorisme\/\",\"name\":\"\u00c9valuation nationale des risques de blanchiment de capitaux - Apcal\",\"isPartOf\":{\"@id\":\"https:\/\/apcal.lu\/fr\/#website\"},\"primaryImageOfPage\":{\"@id\":\"https:\/\/apcal.lu\/fr\/evaluation-nationale-des-risques-de-blanchiment-de-capitaux-et-de-financement-du-terrorisme\/#primaryimage\"},\"image\":{\"@id\":\"https:\/\/apcal.lu\/fr\/evaluation-nationale-des-risques-de-blanchiment-de-capitaux-et-de-financement-du-terrorisme\/#primaryimage\"},\"thumbnailUrl\":\"https:\/\/apcal.lu\/wp-content\/uploads\/2021\/06\/justice-luxembourg.jpg\",\"datePublished\":\"2021-02-27T16:50:52+00:00\",\"dateModified\":\"2022-01-14T10:14:10+00:00\",\"author\":{\"@id\":\"https:\/\/apcal.lu\/fr\/#\/schema\/person\/078c317aaf69a53a0d76ccc89b6abe52\"},\"breadcrumb\":{\"@id\":\"https:\/\/apcal.lu\/fr\/evaluation-nationale-des-risques-de-blanchiment-de-capitaux-et-de-financement-du-terrorisme\/#breadcrumb\"},\"inLanguage\":\"fr-FR\",\"potentialAction\":[{\"@type\":\"ReadAction\",\"target\":[\"https:\/\/apcal.lu\/fr\/evaluation-nationale-des-risques-de-blanchiment-de-capitaux-et-de-financement-du-terrorisme\/\"]}]},{\"@type\":\"ImageObject\",\"inLanguage\":\"fr-FR\",\"@id\":\"https:\/\/apcal.lu\/fr\/evaluation-nationale-des-risques-de-blanchiment-de-capitaux-et-de-financement-du-terrorisme\/#primaryimage\",\"url\":\"https:\/\/apcal.lu\/wp-content\/uploads\/2021\/06\/justice-luxembourg.jpg\",\"contentUrl\":\"https:\/\/apcal.lu\/wp-content\/uploads\/2021\/06\/justice-luxembourg.jpg\",\"width\":400,\"height\":243,\"caption\":\"Justice Luxembourg\"},{\"@type\":\"BreadcrumbList\",\"@id\":\"https:\/\/apcal.lu\/fr\/evaluation-nationale-des-risques-de-blanchiment-de-capitaux-et-de-financement-du-terrorisme\/#breadcrumb\",\"itemListElement\":[{\"@type\":\"ListItem\",\"position\":1,\"name\":\"Accueil\",\"item\":\"https:\/\/apcal.lu\/fr\/\"},{\"@type\":\"ListItem\",\"position\":2,\"name\":\"\u00c9valuation nationale des risques de blanchiment de capitaux\"}]},{\"@type\":\"WebSite\",\"@id\":\"https:\/\/apcal.lu\/fr\/#website\",\"url\":\"https:\/\/apcal.lu\/fr\/\",\"name\":\"Apcal\",\"description\":\"Association des courtiers en assurance du Luxembourg\",\"potentialAction\":[{\"@type\":\"SearchAction\",\"target\":{\"@type\":\"EntryPoint\",\"urlTemplate\":\"https:\/\/apcal.lu\/fr\/?s={search_term_string}\"},\"query-input\":{\"@type\":\"PropertyValueSpecification\",\"valueRequired\":true,\"valueName\":\"search_term_string\"}}],\"inLanguage\":\"fr-FR\"},{\"@type\":\"Person\",\"@id\":\"https:\/\/apcal.lu\/fr\/#\/schema\/person\/078c317aaf69a53a0d76ccc89b6abe52\",\"name\":\"Val\u00e9rie Pierre\",\"image\":{\"@type\":\"ImageObject\",\"inLanguage\":\"fr-FR\",\"@id\":\"https:\/\/apcal.lu\/fr\/#\/schema\/person\/image\/\",\"url\":\"https:\/\/secure.gravatar.com\/avatar\/7592ed2431f48da31f401cb7fede6b8a86bf2999b40fe3c460dbca72217cb305?s=96&d=mm&r=g\",\"contentUrl\":\"https:\/\/secure.gravatar.com\/avatar\/7592ed2431f48da31f401cb7fede6b8a86bf2999b40fe3c460dbca72217cb305?s=96&d=mm&r=g\",\"caption\":\"Val\u00e9rie Pierre\"},\"url\":\"https:\/\/apcal.lu\/fr\/author\/vpierre\/\"}]}<\/script>\n<!-- \/ Yoast SEO plugin. -->","yoast_head_json":{"title":"\u00c9valuation nationale des risques de blanchiment de capitaux - Apcal","robots":{"index":"index","follow":"follow","max-snippet":"max-snippet:-1","max-image-preview":"max-image-preview:large","max-video-preview":"max-video-preview:-1"},"canonical":"https:\/\/apcal.lu\/fr\/evaluation-nationale-des-risques-de-blanchiment-de-capitaux-et-de-financement-du-terrorisme\/","og_locale":"fr_FR","og_type":"article","og_title":"\u00c9valuation nationale des risques de blanchiment de capitaux - Apcal","og_description":"Nous tenons \u00e0 attirer votre attention sur la publication par le Minist\u00e8re de la justice de la nouvelle \u00e9valuation nationale des risques de blanchiment de capitaux et de financement du terrorisme, avec notamment un r\u00e9sum\u00e9 en fran\u00e7ais.","og_url":"https:\/\/apcal.lu\/fr\/evaluation-nationale-des-risques-de-blanchiment-de-capitaux-et-de-financement-du-terrorisme\/","og_site_name":"Apcal","article_published_time":"2021-02-27T16:50:52+00:00","article_modified_time":"2022-01-14T10:14:10+00:00","og_image":[{"width":400,"height":243,"url":"https:\/\/apcal.lu\/wp-content\/uploads\/2021\/06\/justice-luxembourg.jpg","type":"image\/jpeg"}],"author":"Val\u00e9rie Pierre","twitter_card":"summary_large_image","twitter_misc":{"\u00c9crit par":"Val\u00e9rie Pierre","Dur\u00e9e de lecture estim\u00e9e":"8 minutes"},"schema":{"@context":"https:\/\/schema.org","@graph":[{"@type":"Article","@id":"https:\/\/apcal.lu\/fr\/evaluation-nationale-des-risques-de-blanchiment-de-capitaux-et-de-financement-du-terrorisme\/#article","isPartOf":{"@id":"https:\/\/apcal.lu\/fr\/evaluation-nationale-des-risques-de-blanchiment-de-capitaux-et-de-financement-du-terrorisme\/"},"author":{"name":"Val\u00e9rie Pierre","@id":"https:\/\/apcal.lu\/fr\/#\/schema\/person\/078c317aaf69a53a0d76ccc89b6abe52"},"headline":"\u00c9valuation nationale des risques de blanchiment de capitaux","datePublished":"2021-02-27T16:50:52+00:00","dateModified":"2022-01-14T10:14:10+00:00","mainEntityOfPage":{"@id":"https:\/\/apcal.lu\/fr\/evaluation-nationale-des-risques-de-blanchiment-de-capitaux-et-de-financement-du-terrorisme\/"},"wordCount":1619,"image":{"@id":"https:\/\/apcal.lu\/fr\/evaluation-nationale-des-risques-de-blanchiment-de-capitaux-et-de-financement-du-terrorisme\/#primaryimage"},"thumbnailUrl":"https:\/\/apcal.lu\/wp-content\/uploads\/2021\/06\/justice-luxembourg.jpg","articleSection":["AML","News"],"inLanguage":"fr-FR"},{"@type":"WebPage","@id":"https:\/\/apcal.lu\/fr\/evaluation-nationale-des-risques-de-blanchiment-de-capitaux-et-de-financement-du-terrorisme\/","url":"https:\/\/apcal.lu\/fr\/evaluation-nationale-des-risques-de-blanchiment-de-capitaux-et-de-financement-du-terrorisme\/","name":"\u00c9valuation nationale des risques de blanchiment de capitaux - Apcal","isPartOf":{"@id":"https:\/\/apcal.lu\/fr\/#website"},"primaryImageOfPage":{"@id":"https:\/\/apcal.lu\/fr\/evaluation-nationale-des-risques-de-blanchiment-de-capitaux-et-de-financement-du-terrorisme\/#primaryimage"},"image":{"@id":"https:\/\/apcal.lu\/fr\/evaluation-nationale-des-risques-de-blanchiment-de-capitaux-et-de-financement-du-terrorisme\/#primaryimage"},"thumbnailUrl":"https:\/\/apcal.lu\/wp-content\/uploads\/2021\/06\/justice-luxembourg.jpg","datePublished":"2021-02-27T16:50:52+00:00","dateModified":"2022-01-14T10:14:10+00:00","author":{"@id":"https:\/\/apcal.lu\/fr\/#\/schema\/person\/078c317aaf69a53a0d76ccc89b6abe52"},"breadcrumb":{"@id":"https:\/\/apcal.lu\/fr\/evaluation-nationale-des-risques-de-blanchiment-de-capitaux-et-de-financement-du-terrorisme\/#breadcrumb"},"inLanguage":"fr-FR","potentialAction":[{"@type":"ReadAction","target":["https:\/\/apcal.lu\/fr\/evaluation-nationale-des-risques-de-blanchiment-de-capitaux-et-de-financement-du-terrorisme\/"]}]},{"@type":"ImageObject","inLanguage":"fr-FR","@id":"https:\/\/apcal.lu\/fr\/evaluation-nationale-des-risques-de-blanchiment-de-capitaux-et-de-financement-du-terrorisme\/#primaryimage","url":"https:\/\/apcal.lu\/wp-content\/uploads\/2021\/06\/justice-luxembourg.jpg","contentUrl":"https:\/\/apcal.lu\/wp-content\/uploads\/2021\/06\/justice-luxembourg.jpg","width":400,"height":243,"caption":"Justice Luxembourg"},{"@type":"BreadcrumbList","@id":"https:\/\/apcal.lu\/fr\/evaluation-nationale-des-risques-de-blanchiment-de-capitaux-et-de-financement-du-terrorisme\/#breadcrumb","itemListElement":[{"@type":"ListItem","position":1,"name":"Accueil","item":"https:\/\/apcal.lu\/fr\/"},{"@type":"ListItem","position":2,"name":"\u00c9valuation nationale des risques de blanchiment de capitaux"}]},{"@type":"WebSite","@id":"https:\/\/apcal.lu\/fr\/#website","url":"https:\/\/apcal.lu\/fr\/","name":"Apcal","description":"Association des courtiers en assurance du Luxembourg","potentialAction":[{"@type":"SearchAction","target":{"@type":"EntryPoint","urlTemplate":"https:\/\/apcal.lu\/fr\/?s={search_term_string}"},"query-input":{"@type":"PropertyValueSpecification","valueRequired":true,"valueName":"search_term_string"}}],"inLanguage":"fr-FR"},{"@type":"Person","@id":"https:\/\/apcal.lu\/fr\/#\/schema\/person\/078c317aaf69a53a0d76ccc89b6abe52","name":"Val\u00e9rie Pierre","image":{"@type":"ImageObject","inLanguage":"fr-FR","@id":"https:\/\/apcal.lu\/fr\/#\/schema\/person\/image\/","url":"https:\/\/secure.gravatar.com\/avatar\/7592ed2431f48da31f401cb7fede6b8a86bf2999b40fe3c460dbca72217cb305?s=96&d=mm&r=g","contentUrl":"https:\/\/secure.gravatar.com\/avatar\/7592ed2431f48da31f401cb7fede6b8a86bf2999b40fe3c460dbca72217cb305?s=96&d=mm&r=g","caption":"Val\u00e9rie Pierre"},"url":"https:\/\/apcal.lu\/fr\/author\/vpierre\/"}]}},"publishpress_future_action":{"enabled":false,"date":"2026-05-07 07:53:02","action":"change-status","newStatus":"trash","terms":[],"taxonomy":"category","extraData":[]},"publishpress_future_workflow_manual_trigger":{"enabledWorkflows":[]},"_links":{"self":[{"href":"https:\/\/apcal.lu\/fr\/wp-json\/wp\/v2\/posts\/131","targetHints":{"allow":["GET"]}}],"collection":[{"href":"https:\/\/apcal.lu\/fr\/wp-json\/wp\/v2\/posts"}],"about":[{"href":"https:\/\/apcal.lu\/fr\/wp-json\/wp\/v2\/types\/post"}],"author":[{"embeddable":true,"href":"https:\/\/apcal.lu\/fr\/wp-json\/wp\/v2\/users\/156"}],"replies":[{"embeddable":true,"href":"https:\/\/apcal.lu\/fr\/wp-json\/wp\/v2\/comments?post=131"}],"version-history":[{"count":8,"href":"https:\/\/apcal.lu\/fr\/wp-json\/wp\/v2\/posts\/131\/revisions"}],"predecessor-version":[{"id":2512,"href":"https:\/\/apcal.lu\/fr\/wp-json\/wp\/v2\/posts\/131\/revisions\/2512"}],"wp:featuredmedia":[{"embeddable":true,"href":"https:\/\/apcal.lu\/fr\/wp-json\/wp\/v2\/media\/135"}],"wp:attachment":[{"href":"https:\/\/apcal.lu\/fr\/wp-json\/wp\/v2\/media?parent=131"}],"wp:term":[{"taxonomy":"category","embeddable":true,"href":"https:\/\/apcal.lu\/fr\/wp-json\/wp\/v2\/categories?post=131"},{"taxonomy":"post_tag","embeddable":true,"href":"https:\/\/apcal.lu\/fr\/wp-json\/wp\/v2\/tags?post=131"}],"curies":[{"name":"wp","href":"https:\/\/api.w.org\/{rel}","templated":true}]}}